{"id":86923,"date":"2022-08-29T17:07:24","date_gmt":"2022-08-29T20:07:24","guid":{"rendered":"https:\/\/radiosolaris.com.br\/beta\/?p=86923"},"modified":"2022-08-29T17:07:27","modified_gmt":"2022-08-29T20:07:27","slug":"flores-da-cunha-chega-a-marca-de-80-mortes-por-covid-19","status":"publish","type":"post","link":"https:\/\/radiosolaris.com.br\/beta\/flores-da-cunha-chega-a-marca-de-80-mortes-por-covid-19\/","title":{"rendered":"Flores da Cunha chega \u00e0 marca de 80 mortes por Covid-19"},"content":{"rendered":"\n<h4 id=\"segundo-a-secretaria-de-saude-o-ultimo-obito-registrado-na-cidade-se-trata-de-um-homem-de-83-anos-que-estava-na-uti\" class=\"wp-block-heading\">Segundo a Secretaria de Sa\u00fade, o \u00faltimo \u00f3bito registrado na cidade se trata de um homem de 83 anos que estava na UTI<\/h4>\n\n\n\n<p>Flores da Cunha chegou \u00e0 marca de 80 vidas perdidas em decorr\u00eancia da pandemia de COVID-19. A informa\u00e7\u00e3o foi confirmada nesta segunda-feira (29) pela Secretaria Municipal da Sa\u00fade (SMS) por meio do Centro de Opera\u00e7\u00f5es de Emerg\u00eancias (COE).<\/p>\n\n\n\n<p>O \u00faltimo \u00f3bito registrado em solo florense aconteceu no s\u00e1bado (27) e, segundo a SMS, se trata de um homem de 83 anos que estava internado na Unidade de Terapia Intensiva (UTI) do Hospital da Unimed.<\/p>\n\n\n\n<p>Sendo assim, desde o in\u00edcio da pandemia, o munic\u00edpio atinge a marca de 80 mortes caudadas pelas consequ\u00eancias do novo coronav\u00edrus. <a href=\"https:\/\/radiosolaris.com.br\/beta\/flores-da-cunha-registra-primeiro-obito-de-paciente-com-covid-19\/\" data-type=\"URL\" data-id=\"https:\/\/radiosolaris.com.br\/beta\/flores-da-cunha-registra-primeiro-obito-de-paciente-com-covid-19\/\" target=\"_blank\" rel=\"noreferrer noopener\">O primeiro \u00f3bito pela doen\u00e7a aconteceu no dia 21 de junho de 2020.<\/a><\/p>\n","protected":false},"excerpt":{"rendered":"<p>Segundo a Secretaria de Sa\u00fade, o \u00faltimo \u00f3bito registrado na cidade se trata de um homem de 83 anos que estava na UTI Flores da Cunha chegou \u00e0 marca de&hellip;<\/p>\n","protected":false},"author":16,"featured_media":55212,"comment_status":"closed","ping_status":"closed","sticky":false,"template":"","format":"standard","meta":{"_lmt_disableupdate":"","_lmt_disable":"","footnotes":""},"categories":[83],"tags":[2752,3190,6221,3137,114,222,5581,5655,6363,6441,5761,540,992,283],"powerkit_post_featured":[],"class_list":{"0":"post-86923","1":"post","2":"type-post","3":"status-publish","4":"format-standard","5":"has-post-thumbnail","7":"category-serra-gaucha","8":"tag-coronavirus","9":"tag-covid-19-2","10":"tag-covid-em-flores-da-cunha","11":"tag-covid-19","12":"tag-flores-da-cunha","13":"tag-morte","14":"tag-morte-covid","15":"tag-morte-covid-19","16":"tag-morte-covid-19-em-flores-da-cunha","17":"tag-morte-em-flores-da-cunha","18":"tag-morte-por-covid-19","19":"tag-obito","20":"tag-serra","21":"tag-serra-gaucha"},"modified_by":"Bruna Picinini","_links":{"self":[{"href":"https:\/\/radiosolaris.com.br\/beta\/wp-json\/wp\/v2\/posts\/86923","targetHints":{"allow":["GET"]}}],"collection":[{"href":"https:\/\/radiosolaris.com.br\/beta\/wp-json\/wp\/v2\/posts"}],"about":[{"href":"https:\/\/radiosolaris.com.br\/beta\/wp-json\/wp\/v2\/types\/post"}],"author":[{"embeddable":true,"href":"https:\/\/radiosolaris.com.br\/beta\/wp-json\/wp\/v2\/users\/16"}],"replies":[{"embeddable":true,"href":"https:\/\/radiosolaris.com.br\/beta\/wp-json\/wp\/v2\/comments?post=86923"}],"version-history":[{"count":0,"href":"https:\/\/radiosolaris.com.br\/beta\/wp-json\/wp\/v2\/posts\/86923\/revisions"}],"wp:featuredmedia":[{"embeddable":true,"href":"https:\/\/radiosolaris.com.br\/beta\/wp-json\/wp\/v2\/media\/55212"}],"wp:attachment":[{"href":"https:\/\/radiosolaris.com.br\/beta\/wp-json\/wp\/v2\/media?parent=86923"}],"wp:term":[{"taxonomy":"category","embeddable":true,"href":"https:\/\/radiosolaris.com.br\/beta\/wp-json\/wp\/v2\/categories?post=86923"},{"taxonomy":"post_tag","embeddable":true,"href":"https:\/\/radiosolaris.com.br\/beta\/wp-json\/wp\/v2\/tags?post=86923"},{"taxonomy":"powerkit_post_featured","embeddable":true,"href":"https:\/\/radiosolaris.com.br\/beta\/wp-json\/wp\/v2\/powerkit_post_featured?post=86923"}],"curies":[{"name":"wp","href":"https:\/\/api.w.org\/{rel}","templated":true}]}}