{"id":86785,"date":"2022-08-26T11:52:53","date_gmt":"2022-08-26T14:52:53","guid":{"rendered":"https:\/\/radiosolaris.com.br\/beta\/?p=86785"},"modified":"2022-08-26T13:10:47","modified_gmt":"2022-08-26T16:10:47","slug":"prefeitura-de-nova-padua-realiza-leilao-de-maquinas-e-veiculos","status":"publish","type":"post","link":"https:\/\/radiosolaris.com.br\/beta\/prefeitura-de-nova-padua-realiza-leilao-de-maquinas-e-veiculos\/","title":{"rendered":"Prefeitura de Nova P\u00e1dua realiza leil\u00e3o de m\u00e1quinas e ve\u00edculos"},"content":{"rendered":"\n<h4 id=\"os-equipamentos-serao-leiloados-no-dia-15-de-setembro-no-patio-do-centro-administrativo\" class=\"wp-block-heading\">Os equipamentos ser\u00e3o leiloados no dia 15 de setembro, no p\u00e1tio do centro administrativo<\/h4>\n\n\n\n<p>A Prefeitura de Nova P\u00e1dua vai realizar um Leil\u00e3o P\u00fablico de ve\u00edculos e m\u00e1quinas que n\u00e3o tem mais utilidade para a administra\u00e7\u00e3o municipal. O leil\u00e3o est\u00e1 programado para ocorrer no dia 15 de setembro, a partir das 14h no p\u00e1tio do centro administrativo. &nbsp;<\/p>\n\n\n\n<p>O pagamento dever\u00e1 ser realizado imediatamente ap\u00f3s o leil\u00e3o. Caso n\u00e3o seja feito, o comprador perder\u00e1 todo e qualquer direito de compra do equipamento ou do ve\u00edculo.<\/p>\n\n\n\n<p>Poder\u00e1 participar do Leil\u00e3o P\u00fablico qualquer pessoa f\u00edsica ou jur\u00eddica. Al\u00e9m disso, aqueles que forem participar devem comparecer ao local com documento original com c\u00f3pia para autentica\u00e7\u00e3o por servidor designado ou c\u00f3pia autenticada em cart\u00f3rio.<\/p>\n\n\n\n<p>Pessoa jur\u00eddica deve levar consigo: cart\u00e3o do CNPJ, contrato Social e \u00faltima altera\u00e7\u00e3o, se for o caso e procura\u00e7\u00e3o no caso de o representante n\u00e3o ser s\u00f3cio propriet\u00e1rio, com firma reconhecida. J\u00e1 a pessoa f\u00edsica deve apresentar apenas Carteira de Identidade e CPF.<\/p>\n\n\n\n<p><strong>Rela\u00e7\u00e3o de itens para leil\u00e3o:<\/strong><br>Micro\u00f4nibus Fiat\/Ducato, 2008\/2009, 16 passageiros<br>Ambul\u00e2ncia, Fiat\/Ducato, TH AMB, 2004, capacidade 3,30 PTB<br>Escavadeira hidr\u00e1ulica New Holland, modelo E215lc, ano e modelo 2010<br>Motoniveladora Dresser, modelo A835, 1993<br>Retro escavadeira New Holland, modelo LB 110, 4&#215;4, 2010<br>Caminh\u00e3o basculante VW 14.180, 4&#215;2, ano 2000<br>Micro \u00f4nibus Agrale\/ultravan FD, cap. 25 passageiros 1993\/1994<\/p>\n","protected":false},"excerpt":{"rendered":"<p>Os equipamentos ser\u00e3o leiloados no dia 15 de setembro, no p\u00e1tio do centro administrativo A Prefeitura de Nova P\u00e1dua vai realizar um Leil\u00e3o P\u00fablico de ve\u00edculos e m\u00e1quinas que n\u00e3o&hellip;<\/p>\n","protected":false},"author":16,"featured_media":86786,"comment_status":"closed","ping_status":"closed","sticky":false,"template":"","format":"standard","meta":{"_lmt_disableupdate":"","_lmt_disable":"","footnotes":""},"categories":[83],"tags":[392,13490,13489,13491,13492,167,154,5241,992,283],"powerkit_post_featured":[],"class_list":{"0":"post-86785","1":"post","2":"type-post","3":"status-publish","4":"format-standard","5":"has-post-thumbnail","7":"category-serra-gaucha","8":"tag-leilao","9":"tag-leilao-maquinas-e-veiculos","10":"tag-leilao-nova-padua","11":"tag-leilao-publico","12":"tag-leilao-publico-de-nova-padua","13":"tag-nova-padua","14":"tag-prefeitura","15":"tag-prefeitura-de-nova-padua","16":"tag-serra","17":"tag-serra-gaucha"},"modified_by":"Bruna Picinini","_links":{"self":[{"href":"https:\/\/radiosolaris.com.br\/beta\/wp-json\/wp\/v2\/posts\/86785","targetHints":{"allow":["GET"]}}],"collection":[{"href":"https:\/\/radiosolaris.com.br\/beta\/wp-json\/wp\/v2\/posts"}],"about":[{"href":"https:\/\/radiosolaris.com.br\/beta\/wp-json\/wp\/v2\/types\/post"}],"author":[{"embeddable":true,"href":"https:\/\/radiosolaris.com.br\/beta\/wp-json\/wp\/v2\/users\/16"}],"replies":[{"embeddable":true,"href":"https:\/\/radiosolaris.com.br\/beta\/wp-json\/wp\/v2\/comments?post=86785"}],"version-history":[{"count":0,"href":"https:\/\/radiosolaris.com.br\/beta\/wp-json\/wp\/v2\/posts\/86785\/revisions"}],"wp:featuredmedia":[{"embeddable":true,"href":"https:\/\/radiosolaris.com.br\/beta\/wp-json\/wp\/v2\/media\/86786"}],"wp:attachment":[{"href":"https:\/\/radiosolaris.com.br\/beta\/wp-json\/wp\/v2\/media?parent=86785"}],"wp:term":[{"taxonomy":"category","embeddable":true,"href":"https:\/\/radiosolaris.com.br\/beta\/wp-json\/wp\/v2\/categories?post=86785"},{"taxonomy":"post_tag","embeddable":true,"href":"https:\/\/radiosolaris.com.br\/beta\/wp-json\/wp\/v2\/tags?post=86785"},{"taxonomy":"powerkit_post_featured","embeddable":true,"href":"https:\/\/radiosolaris.com.br\/beta\/wp-json\/wp\/v2\/powerkit_post_featured?post=86785"}],"curies":[{"name":"wp","href":"https:\/\/api.w.org\/{rel}","templated":true}]}}