{"id":86735,"date":"2022-08-26T08:18:21","date_gmt":"2022-08-26T11:18:21","guid":{"rendered":"https:\/\/radiosolaris.com.br\/beta\/?p=86735"},"modified":"2022-08-26T08:18:25","modified_gmt":"2022-08-26T11:18:25","slug":"prorrogado-prazo-para-empresas-de-flores-da-cunha-interessadas-em-participar-da-31a-mercopar","status":"publish","type":"post","link":"https:\/\/radiosolaris.com.br\/beta\/prorrogado-prazo-para-empresas-de-flores-da-cunha-interessadas-em-participar-da-31a-mercopar\/","title":{"rendered":"Prorrogado prazo para empresas de Flores da Cunha interessadas em participar da 31\u00aa Mercopar"},"content":{"rendered":"\n<h4 id=\"inscricoes-podem-ser-realizadas-ate-o-dia-16-de-setembro-o-evento-ocorre-de-18-a-21-de-outubro-no-centro-de-feiras-e-eventos-festa-da-uva-em-caxias-do-sul\" class=\"wp-block-heading\">Inscri\u00e7\u00f5es podem ser realizadas at\u00e9 o dia 16 de setembro. O evento ocorre de 18 a 21 de outubro, no Centro de Feiras e Eventos Festa da Uva, em Caxias do Sul<\/h4>\n\n\n\n<p>O prazo para credenciamento e inscri\u00e7\u00f5es de empresas interessadas em participar da 31\u00aa edi\u00e7\u00e3o da Mercopar \u2013 Feira de Automa\u00e7\u00e3o Industrial, em um espa\u00e7o subsidiado pela Prefeitura, foi prorrogado at\u00e9 o dia 16 de setembro. O edital completo pode ser acessado <a href=\"https:\/\/www.floresdacunha.rs.gov.br\/UPLarquivos\/05082022115548.pdf\" data-type=\"URL\" data-id=\"https:\/\/www.floresdacunha.rs.gov.br\/UPLarquivos\/05082022115548.pdf\">aqui<\/a>.<\/p>\n\n\n\n<p>O evento ocorre de 18 a 21 de outubro, no Centro de Feiras e Eventos Festa da Uva, em Caxias do Sul. O objetivo \u00e9 proporcionar \u00e0s empresas meios para negocia\u00e7\u00e3o em feira, visando o acesso a novos mercados em um estande coletivo e com posicionamento diferenciado \u2013 em frente ao Portal de Neg\u00f3cios. A participa\u00e7\u00e3o \u00e9 destinada aos setores de m\u00e1quinas, equipamentos, metalmec\u00e2nico, tecnologia da informa\u00e7\u00e3o, energia e meio ambiente, startups, pl\u00e1stico, borracha, automa\u00e7\u00e3o industrial, eletroeletr\u00f4nico, servi\u00e7os industriais e movimenta\u00e7\u00e3o e armazenagem de mercadorias.<\/p>\n\n\n\n<p>Os neg\u00f3cios interessados precisam ter sede\/matriz em Flores da Cunha. Restam poucas vagas para quem deseja utilizar o espa\u00e7o subsidiado parcialmente pela Prefeitura.<\/p>\n\n\n\n<p>As inscri\u00e7\u00f5es s\u00e3o gratuitas e devem ser realizadas neste <a href=\"https:\/\/docs.google.com\/forms\/d\/e\/1FAIpQLSeL8csN15Azh8FOJCAU2W9MechQ9i61gBPMOO4Zp6C2xjt27Q\/viewform\" data-type=\"URL\" data-id=\"https:\/\/docs.google.com\/forms\/d\/e\/1FAIpQLSeL8csN15Azh8FOJCAU2W9MechQ9i61gBPMOO4Zp6C2xjt27Q\/viewform\">link<\/a>.<\/p>\n\n\n\n<p>O resultado da sele\u00e7\u00e3o estar\u00e1 dispon\u00edvel no site da Prefeitura no dia 19 de setembro.<br>Mais informa\u00e7\u00f5es pelo WhatsApp da Sala do Empreendedor: (54) 99602.3828.<\/p>\n\n\n\n<p><\/p>\n\n\n\n<figure class=\"wp-block-image size-full\"><img  loading=\"lazy\"  decoding=\"async\"  width=\"630\"  height=\"412\"  src=\"data:image\/png;base64,iVBORw0KGgoAAAANSUhEUgAAAnYAAAGcAQMAAABurX\/DAAAAA1BMVEUAAP+KeNJXAAAAAXRSTlMAQObYZgAAAAlwSFlzAAAOxAAADsQBlSsOGwAAADdJREFUeNrtwQENAAAAwqD3T20ON6AAAAAAAAAAAAAAAAAAAAAAAAAAAAAAAAAAAAAAAAAAgHcDgMAAAcgYMVgAAAAASUVORK5CYII=\"  alt=\"\"  class=\"wp-image-86736 pk-lazyload\"  data-pk-sizes=\"auto\"  data-ls-sizes=\"auto, (max-width: 630px) 100vw, 630px\"  data-pk-src=\"https:\/\/radiosolaris.com.br\/beta\/wp-content\/uploads\/2022\/08\/estande-mercopar-flores.jpg\"  data-pk-srcset=\"https:\/\/radiosolaris.com.br\/beta\/wp-content\/uploads\/2022\/08\/estande-mercopar-flores.jpg 630w, https:\/\/radiosolaris.com.br\/beta\/wp-content\/uploads\/2022\/08\/estande-mercopar-flores-300x196.jpg 300w\" ><figcaption>Imagem: Divulga\u00e7\u00e3o<\/figcaption><\/figure>\n","protected":false},"excerpt":{"rendered":"<p>Inscri\u00e7\u00f5es podem ser realizadas at\u00e9 o dia 16 de setembro. O evento ocorre de 18 a 21 de outubro, no Centro de Feiras e Eventos Festa da Uva, em Caxias&hellip;<\/p>\n","protected":false},"author":19,"featured_media":86736,"comment_status":"closed","ping_status":"closed","sticky":false,"template":"","format":"standard","meta":{"_lmt_disableupdate":"","_lmt_disable":"","footnotes":""},"categories":[83],"tags":[148,13120,114,1645,4470,283],"powerkit_post_featured":[],"class_list":{"0":"post-86735","1":"post","2":"type-post","3":"status-publish","4":"format-standard","5":"has-post-thumbnail","7":"category-serra-gaucha","8":"tag-caxias-do-sul","9":"tag-feira-de-automacao-industrial","10":"tag-flores-da-cunha","11":"tag-inscricoes","12":"tag-mercopar","13":"tag-serra-gaucha"},"modified_by":"Luciano Pettorini","_links":{"self":[{"href":"https:\/\/radiosolaris.com.br\/beta\/wp-json\/wp\/v2\/posts\/86735","targetHints":{"allow":["GET"]}}],"collection":[{"href":"https:\/\/radiosolaris.com.br\/beta\/wp-json\/wp\/v2\/posts"}],"about":[{"href":"https:\/\/radiosolaris.com.br\/beta\/wp-json\/wp\/v2\/types\/post"}],"author":[{"embeddable":true,"href":"https:\/\/radiosolaris.com.br\/beta\/wp-json\/wp\/v2\/users\/19"}],"replies":[{"embeddable":true,"href":"https:\/\/radiosolaris.com.br\/beta\/wp-json\/wp\/v2\/comments?post=86735"}],"version-history":[{"count":0,"href":"https:\/\/radiosolaris.com.br\/beta\/wp-json\/wp\/v2\/posts\/86735\/revisions"}],"wp:featuredmedia":[{"embeddable":true,"href":"https:\/\/radiosolaris.com.br\/beta\/wp-json\/wp\/v2\/media\/86736"}],"wp:attachment":[{"href":"https:\/\/radiosolaris.com.br\/beta\/wp-json\/wp\/v2\/media?parent=86735"}],"wp:term":[{"taxonomy":"category","embeddable":true,"href":"https:\/\/radiosolaris.com.br\/beta\/wp-json\/wp\/v2\/categories?post=86735"},{"taxonomy":"post_tag","embeddable":true,"href":"https:\/\/radiosolaris.com.br\/beta\/wp-json\/wp\/v2\/tags?post=86735"},{"taxonomy":"powerkit_post_featured","embeddable":true,"href":"https:\/\/radiosolaris.com.br\/beta\/wp-json\/wp\/v2\/powerkit_post_featured?post=86735"}],"curies":[{"name":"wp","href":"https:\/\/api.w.org\/{rel}","templated":true}]}}