{"id":86727,"date":"2022-08-26T08:04:30","date_gmt":"2022-08-26T11:04:30","guid":{"rendered":"https:\/\/radiosolaris.com.br\/beta\/?p=86727"},"modified":"2022-08-26T08:04:34","modified_gmt":"2022-08-26T11:04:34","slug":"integrantes-de-faccao-criminosa-sao-presos-com-armas-e-drogas-em-caxias-do-sul","status":"publish","type":"post","link":"https:\/\/radiosolaris.com.br\/beta\/integrantes-de-faccao-criminosa-sao-presos-com-armas-e-drogas-em-caxias-do-sul\/","title":{"rendered":"Integrantes de fac\u00e7\u00e3o criminosa s\u00e3o presos com armas e drogas em Caxias do Sul"},"content":{"rendered":"\n<h4 id=\"de-acordo-com-a-brigada-militar-dupla-pretendia-tomar-um-ponto-de-venda-de-drogas-na-cidade\" class=\"wp-block-heading\">De acordo com a Brigada Militar, dupla pretendia tomar um ponto de venda de drogas na cidade<\/h4>\n\n\n\n<p>Dois homens, de 19 e 20 anos, foram presos por porte ilegal de arma de fogo de uso restrito e posse de entorpecentes em Caxias do Sul. A pris\u00e3o aconteceu na noite desta quinta-feira (25), por volta das 19h30min, na rua Valdemira Raimundi, no bairro Esplanada.<\/p>\n\n\n\n<p>De acordo com informa\u00e7\u00f5es da Brigada Militar (BM), ap\u00f3s den\u00fancias da comunidade informando disparos de arma de fogo nas proximidades do endere\u00e7o, equipes do 4\u00baBPChq se deslocaram at\u00e9 o local e avistaram pela janela da casa um indiv\u00edduo portando um rev\u00f3lver calibre 38. O homem foi abordado e preso, e no interior da resid\u00eancia outro individuo foi preso com uma pistola 9mm.<\/p>\n\n\n\n<p>Ainda segundo informa\u00e7\u00f5es da BM, a dupla, que possu\u00ed extensa ficha criminal, \u00e9 oriunda de outras cidades e relatou que pertence a uma organiza\u00e7\u00e3o criminosa atuante em Caxias e que estariam no local para \u201ctomar\u201d um ponto de venda de drogas, onde foi registrado um triplo homic\u00eddio recentemente.<\/p>\n\n\n\n<p>Dados os fatos os indiv\u00edduos receberam voz de pris\u00e3o e foram conduzidos \u00e0 Delegacia para registro dos fatos. Na a\u00e7\u00e3o foram apreendidas uma pistola Cal 9mm, com um carregador e com numera\u00e7\u00e3o raspada; um carregador de pistola sobressalente; um rev\u00f3lver cal. 38 com numera\u00e7\u00e3o raspada; 12 muni\u00e7\u00f5es 9mm intactas; cinco muni\u00e7\u00f5es cal. 38 intactas; uma porc\u00e3o de raspas de crack pesando 5,45g. 25 buchas de crack pesando 4,45g. uma pedra de crack pesando 10,30g e diversos celulares.<\/p>\n\n\n\n<p><\/p>\n\n\n\n<figure class=\"wp-block-image size-large\"><img  loading=\"lazy\"  decoding=\"async\"  width=\"768\"  height=\"1024\"  src=\"data:image\/png;base64,iVBORw0KGgoAAAANSUhEUgAABIgAAAYLAQMAAABNWRHfAAAAA1BMVEUAAP+KeNJXAAAAAXRSTlMAQObYZgAAAAlwSFlzAAAOxAAADsQBlSsOGwAAAPJJREFUeNrtwTEBAAAAwqD1T20LL6AAAAAAAAAAAAAAAAAAAAAAAAAAAAAAAAAAAAAAAAAAAAAAAAAAAAAAAAAAAAAAAAAAAAAAAAAAAAAAAAAAAAAAAAAAAAAAAAAAAAAAAAAAAAAAAAAAAAAAAAAAAAAAAAAAAAAAAAAAAAAAAAAAAAAAAAAAAAAAAAAAAAAAAAAAAAAAAAAAAAAAAAAAAAAAAAAAAAAAAAAAAAAAAAAAAAAAAAAAAAAAAAAAAAAAAAAAAAAAAAAAAAAAAAAAAAAAAAAAAAAAAAAAAAAAAAAAAAAAAAAAAAAAAAAAAICvAXJzAAGR9O26AAAAAElFTkSuQmCC\"  alt=\"\"  class=\"wp-image-86728 pk-lazyload\"  data-pk-sizes=\"auto\"  data-ls-sizes=\"auto, (max-width: 768px) 100vw, 768px\"  data-pk-src=\"https:\/\/radiosolaris.com.br\/beta\/wp-content\/uploads\/2022\/08\/WhatsApp-Image-2022-08-25-at-23.01.22-768x1024.jpeg\"  data-pk-srcset=\"https:\/\/radiosolaris.com.br\/beta\/wp-content\/uploads\/2022\/08\/WhatsApp-Image-2022-08-25-at-23.01.22-768x1024.jpeg 768w, https:\/\/radiosolaris.com.br\/beta\/wp-content\/uploads\/2022\/08\/WhatsApp-Image-2022-08-25-at-23.01.22-225x300.jpeg 225w, https:\/\/radiosolaris.com.br\/beta\/wp-content\/uploads\/2022\/08\/WhatsApp-Image-2022-08-25-at-23.01.22-1160x1547.jpeg 1160w, https:\/\/radiosolaris.com.br\/beta\/wp-content\/uploads\/2022\/08\/WhatsApp-Image-2022-08-25-at-23.01.22-800x1067.jpeg 800w, https:\/\/radiosolaris.com.br\/beta\/wp-content\/uploads\/2022\/08\/WhatsApp-Image-2022-08-25-at-23.01.22.jpeg 960w\" ><figcaption>Foto: Brigada Militar<\/figcaption><\/figure>\n","protected":false},"excerpt":{"rendered":"<p>De acordo com a Brigada Militar, dupla pretendia tomar um ponto de venda de drogas na cidade Dois homens, de 19 e 20 anos, foram presos por porte ilegal de&hellip;<\/p>\n","protected":false},"author":19,"featured_media":86728,"comment_status":"closed","ping_status":"closed","sticky":false,"template":"","format":"standard","meta":{"_lmt_disableupdate":"","_lmt_disable":"","footnotes":""},"categories":[83],"tags":[1503,247,148,513,8050,5285,303,283],"powerkit_post_featured":[],"class_list":{"0":"post-86727","1":"post","2":"type-post","3":"status-publish","4":"format-standard","5":"has-post-thumbnail","7":"category-serra-gaucha","8":"tag-armas-2","9":"tag-brigada-militar","10":"tag-caxias-do-sul","11":"tag-drogas","12":"tag-municao","13":"tag-organizacao-criminosa","14":"tag-prisao","15":"tag-serra-gaucha"},"modified_by":"Luciano Pettorini","_links":{"self":[{"href":"https:\/\/radiosolaris.com.br\/beta\/wp-json\/wp\/v2\/posts\/86727","targetHints":{"allow":["GET"]}}],"collection":[{"href":"https:\/\/radiosolaris.com.br\/beta\/wp-json\/wp\/v2\/posts"}],"about":[{"href":"https:\/\/radiosolaris.com.br\/beta\/wp-json\/wp\/v2\/types\/post"}],"author":[{"embeddable":true,"href":"https:\/\/radiosolaris.com.br\/beta\/wp-json\/wp\/v2\/users\/19"}],"replies":[{"embeddable":true,"href":"https:\/\/radiosolaris.com.br\/beta\/wp-json\/wp\/v2\/comments?post=86727"}],"version-history":[{"count":0,"href":"https:\/\/radiosolaris.com.br\/beta\/wp-json\/wp\/v2\/posts\/86727\/revisions"}],"wp:featuredmedia":[{"embeddable":true,"href":"https:\/\/radiosolaris.com.br\/beta\/wp-json\/wp\/v2\/media\/86728"}],"wp:attachment":[{"href":"https:\/\/radiosolaris.com.br\/beta\/wp-json\/wp\/v2\/media?parent=86727"}],"wp:term":[{"taxonomy":"category","embeddable":true,"href":"https:\/\/radiosolaris.com.br\/beta\/wp-json\/wp\/v2\/categories?post=86727"},{"taxonomy":"post_tag","embeddable":true,"href":"https:\/\/radiosolaris.com.br\/beta\/wp-json\/wp\/v2\/tags?post=86727"},{"taxonomy":"powerkit_post_featured","embeddable":true,"href":"https:\/\/radiosolaris.com.br\/beta\/wp-json\/wp\/v2\/powerkit_post_featured?post=86727"}],"curies":[{"name":"wp","href":"https:\/\/api.w.org\/{rel}","templated":true}]}}