{"id":86684,"date":"2022-08-25T16:07:53","date_gmt":"2022-08-25T19:07:53","guid":{"rendered":"https:\/\/radiosolaris.com.br\/beta\/?p=86684"},"modified":"2022-08-25T16:07:56","modified_gmt":"2022-08-25T19:07:56","slug":"identificados-os-dois-homens-que-morreram-em-acidente-na-ers-122-em-caxias-do-sul","status":"publish","type":"post","link":"https:\/\/radiosolaris.com.br\/beta\/identificados-os-dois-homens-que-morreram-em-acidente-na-ers-122-em-caxias-do-sul\/","title":{"rendered":"Identificados os dois homens que morreram em acidente na ERS-122, em Caxias do Sul"},"content":{"rendered":"\n<h4 id=\"o-caroneiro-era-natural-de-vacaria-e-o-motorista-de-goiania-go\" class=\"wp-block-heading\">O caroneiro era natural de Vacaria e o motorista de Goi\u00e2nia (GO)<\/h4>\n\n\n\n<p>Foram identificadas as v\u00edtimas fatais do acidente de tr\u00e2nsito ocorrido nesta quinta-feira (25) na ERS-122, em Caxias do Sul. O caroneiro do caminh\u00e3o era Andr\u00e9 Francisco Trentin, de 42 anos, natural de Vacaria; e o motorista foi identificado como Carlos Jos\u00e9 da Silva Lima, de 39 anos, natural de Goi\u00e2nia (GO).<\/p>\n\n\n\n<p>O acidente aconteceu por volta das 8h da manh\u00e3 desta quinta-feira (25), no km 84 da rodovia, um pouco antes da cabeceira da Ponte da Maestra.<\/p>\n\n\n\n<p>O caminh\u00e3o Mercedes Benz Atego, com placas de Garibaldi, seguia no sentido Flores da Cunha\/Caxias do sul quando o motorista perdeu o controle do ve\u00edculo e invadiu a pista contr\u00e1ria, tombando no acostamento lateral da rodovia.<\/p>\n\n\n\n<figure class=\"wp-block-gallery has-nested-images columns-default is-cropped wp-block-gallery-1 is-layout-flex wp-block-gallery-is-layout-flex\">\n<figure class=\"wp-block-image size-large\"><img  loading=\"lazy\"  decoding=\"async\"  width=\"1024\"  height=\"768\"  data-id=\"86685\"  src=\"data:image\/png;base64,iVBORw0KGgoAAAANSUhEUgAABAAAAAMAAQMAAACAdIdOAAAAA1BMVEUAAP+KeNJXAAAAAXRSTlMAQObYZgAAAAlwSFlzAAAOxAAADsQBlSsOGwAAAHZJREFUeNrtwQEBAAAAgiD\/r25IQAEAAAAAAAAAAAAAAAAAAAAAAAAAAAAAAAAAAAAAAAAAAAAAAAAAAAAAAAAAAAAAAAAAAAAAAAAAAAAAAAAAAAAAAAAAAAAAAAAAAAAAAAAAAAAAAAAAAAAAAAAAAAAAAO8Ggw8AAeUA3VQAAAAASUVORK5CYII=\"  alt=\"\"  class=\"wp-image-86685 pk-lazyload\"  data-pk-sizes=\"auto\"  data-ls-sizes=\"auto, (max-width: 1024px) 100vw, 1024px\"  data-pk-src=\"https:\/\/radiosolaris.com.br\/beta\/wp-content\/uploads\/2022\/08\/WhatsApp-Image-2022-08-25-at-09.34.50-1024x768-1.jpeg\"  data-pk-srcset=\"https:\/\/radiosolaris.com.br\/beta\/wp-content\/uploads\/2022\/08\/WhatsApp-Image-2022-08-25-at-09.34.50-1024x768-1.jpeg 1024w, https:\/\/radiosolaris.com.br\/beta\/wp-content\/uploads\/2022\/08\/WhatsApp-Image-2022-08-25-at-09.34.50-1024x768-1-300x225.jpeg 300w, https:\/\/radiosolaris.com.br\/beta\/wp-content\/uploads\/2022\/08\/WhatsApp-Image-2022-08-25-at-09.34.50-1024x768-1-768x576.jpeg 768w, https:\/\/radiosolaris.com.br\/beta\/wp-content\/uploads\/2022\/08\/WhatsApp-Image-2022-08-25-at-09.34.50-1024x768-1-800x600.jpeg 800w\" ><\/figure>\n<figcaption class=\"blocks-gallery-caption\">Foto: Filipe Brogliatto\/Grupo Solaris<\/figcaption><\/figure>\n","protected":false},"excerpt":{"rendered":"<p>O caroneiro era natural de Vacaria e o motorista de Goi\u00e2nia (GO) Foram identificadas as v\u00edtimas fatais do acidente de tr\u00e2nsito ocorrido nesta quinta-feira (25) na ERS-122, em Caxias do&hellip;<\/p>\n","protected":false},"author":17,"featured_media":86685,"comment_status":"closed","ping_status":"closed","sticky":false,"template":"","format":"standard","meta":{"_lmt_disableupdate":"","_lmt_disable":"","footnotes":""},"categories":[83],"tags":[307,9218,148,114,13459,13460,283],"powerkit_post_featured":[],"class_list":{"0":"post-86684","1":"post","2":"type-post","3":"status-publish","4":"format-standard","5":"has-post-thumbnail","7":"category-serra-gaucha","8":"tag-acidente","9":"tag-acidente-com-caminhao","10":"tag-caxias-do-sul","11":"tag-flores-da-cunha","12":"tag-identificacao-das-vitimas","13":"tag-ponte-da-maestre","14":"tag-serra-gaucha"},"modified_by":"Igor Panzenhagen","_links":{"self":[{"href":"https:\/\/radiosolaris.com.br\/beta\/wp-json\/wp\/v2\/posts\/86684","targetHints":{"allow":["GET"]}}],"collection":[{"href":"https:\/\/radiosolaris.com.br\/beta\/wp-json\/wp\/v2\/posts"}],"about":[{"href":"https:\/\/radiosolaris.com.br\/beta\/wp-json\/wp\/v2\/types\/post"}],"author":[{"embeddable":true,"href":"https:\/\/radiosolaris.com.br\/beta\/wp-json\/wp\/v2\/users\/17"}],"replies":[{"embeddable":true,"href":"https:\/\/radiosolaris.com.br\/beta\/wp-json\/wp\/v2\/comments?post=86684"}],"version-history":[{"count":0,"href":"https:\/\/radiosolaris.com.br\/beta\/wp-json\/wp\/v2\/posts\/86684\/revisions"}],"wp:featuredmedia":[{"embeddable":true,"href":"https:\/\/radiosolaris.com.br\/beta\/wp-json\/wp\/v2\/media\/86685"}],"wp:attachment":[{"href":"https:\/\/radiosolaris.com.br\/beta\/wp-json\/wp\/v2\/media?parent=86684"}],"wp:term":[{"taxonomy":"category","embeddable":true,"href":"https:\/\/radiosolaris.com.br\/beta\/wp-json\/wp\/v2\/categories?post=86684"},{"taxonomy":"post_tag","embeddable":true,"href":"https:\/\/radiosolaris.com.br\/beta\/wp-json\/wp\/v2\/tags?post=86684"},{"taxonomy":"powerkit_post_featured","embeddable":true,"href":"https:\/\/radiosolaris.com.br\/beta\/wp-json\/wp\/v2\/powerkit_post_featured?post=86684"}],"curies":[{"name":"wp","href":"https:\/\/api.w.org\/{rel}","templated":true}]}}