{"id":86664,"date":"2022-08-25T10:48:25","date_gmt":"2022-08-25T13:48:25","guid":{"rendered":"https:\/\/radiosolaris.com.br\/beta\/?p=86664"},"modified":"2022-08-25T10:48:27","modified_gmt":"2022-08-25T13:48:27","slug":"secretaria-da-educacao-e-professores-de-antonio-prado-participam-de-encontro-educacional","status":"publish","type":"post","link":"https:\/\/radiosolaris.com.br\/beta\/secretaria-da-educacao-e-professores-de-antonio-prado-participam-de-encontro-educacional\/","title":{"rendered":"Secretaria da Educa\u00e7\u00e3o e professores de Ant\u00f4nio Prado participam de encontro educacional"},"content":{"rendered":"\n<h4 id=\"evento-aconteceu-em-bento-goncalves\" class=\"wp-block-heading\">Evento aconteceu em Bento Gon\u00e7alves.<\/h4>\n\n\n\n<p>A secret\u00e1ria de Educa\u00e7\u00e3o, Cultura e Desporto de Ant\u00f4nio Prado, Adriana Sartori, a coordenadora pedag\u00f3gica, Maria Isabel Furtado, a diretora Jussara Bressan, representando as Escolas Municipais de Educa\u00e7\u00e3o Infantil e a diretora, Marilene Rizzi, representando as escolas Municipais de Ensino Fundamental, estiveram presentes em um Encontro Educacional, no Munic\u00edpio de Bento Gon\u00e7alves, com o Secret\u00e1rio de Educa\u00e7\u00e3o de Sobral- CE, Herbert de Lima.<\/p>\n\n\n\n<p>No encontro, Herbert apresentou a todos os secret\u00e1rios de Educa\u00e7\u00e3o da regi\u00e3o presentes, um hist\u00f3rico das a\u00e7\u00f5es que levaram o munic\u00edpio de Sobral a ser refer\u00eancia em educa\u00e7\u00e3o no pa\u00eds. Um dia de aprendizagem e de troca de viv\u00eancias importantes para pensar nos novos passos da Educa\u00e7\u00e3o no Munic\u00edpio de Ant\u00f4nio Prado.<\/p>\n\n\n\n<p>Ap\u00f3s o encontro foi realizada uma visita \u00e0 Escola de Ensino Fundamental Tancredo Neves e a Escola de Educa\u00e7\u00e3o Infantil Recanto Alviazul, para troca de experi\u00eancias entre as dire\u00e7\u00f5es de escolas.<\/p>\n\n\n\n<p>Fonte: Prefeitura Ant\u00f4nio Prado<\/p>\n","protected":false},"excerpt":{"rendered":"<p>Evento aconteceu em Bento Gon\u00e7alves. A secret\u00e1ria de Educa\u00e7\u00e3o, Cultura e Desporto de Ant\u00f4nio Prado, Adriana Sartori, a coordenadora pedag\u00f3gica, Maria Isabel Furtado, a diretora Jussara Bressan, representando as Escolas&hellip;<\/p>\n","protected":false},"author":20,"featured_media":86665,"comment_status":"closed","ping_status":"closed","sticky":false,"template":"","format":"standard","meta":{"_lmt_disableupdate":"","_lmt_disable":"","footnotes":""},"categories":[1],"tags":[143,182],"powerkit_post_featured":[],"class_list":{"0":"post-86664","1":"post","2":"type-post","3":"status-publish","4":"format-standard","5":"has-post-thumbnail","7":"category-geral","8":"tag-antonio-prado","9":"tag-educacao"},"modified_by":"Gustavo Zanotto","_links":{"self":[{"href":"https:\/\/radiosolaris.com.br\/beta\/wp-json\/wp\/v2\/posts\/86664","targetHints":{"allow":["GET"]}}],"collection":[{"href":"https:\/\/radiosolaris.com.br\/beta\/wp-json\/wp\/v2\/posts"}],"about":[{"href":"https:\/\/radiosolaris.com.br\/beta\/wp-json\/wp\/v2\/types\/post"}],"author":[{"embeddable":true,"href":"https:\/\/radiosolaris.com.br\/beta\/wp-json\/wp\/v2\/users\/20"}],"replies":[{"embeddable":true,"href":"https:\/\/radiosolaris.com.br\/beta\/wp-json\/wp\/v2\/comments?post=86664"}],"version-history":[{"count":0,"href":"https:\/\/radiosolaris.com.br\/beta\/wp-json\/wp\/v2\/posts\/86664\/revisions"}],"wp:featuredmedia":[{"embeddable":true,"href":"https:\/\/radiosolaris.com.br\/beta\/wp-json\/wp\/v2\/media\/86665"}],"wp:attachment":[{"href":"https:\/\/radiosolaris.com.br\/beta\/wp-json\/wp\/v2\/media?parent=86664"}],"wp:term":[{"taxonomy":"category","embeddable":true,"href":"https:\/\/radiosolaris.com.br\/beta\/wp-json\/wp\/v2\/categories?post=86664"},{"taxonomy":"post_tag","embeddable":true,"href":"https:\/\/radiosolaris.com.br\/beta\/wp-json\/wp\/v2\/tags?post=86664"},{"taxonomy":"powerkit_post_featured","embeddable":true,"href":"https:\/\/radiosolaris.com.br\/beta\/wp-json\/wp\/v2\/powerkit_post_featured?post=86664"}],"curies":[{"name":"wp","href":"https:\/\/api.w.org\/{rel}","templated":true}]}}