{"id":86632,"date":"2022-08-25T07:51:50","date_gmt":"2022-08-25T10:51:50","guid":{"rendered":"https:\/\/radiosolaris.com.br\/beta\/?p=86632"},"modified":"2022-08-25T07:51:52","modified_gmt":"2022-08-25T10:51:52","slug":"traficante-e-preso-em-flagrante-vendendo-drogas-proximo-a-posto-de-combustiveis-na-ers-122-em-flores-da-cunha","status":"publish","type":"post","link":"https:\/\/radiosolaris.com.br\/beta\/traficante-e-preso-em-flagrante-vendendo-drogas-proximo-a-posto-de-combustiveis-na-ers-122-em-flores-da-cunha\/","title":{"rendered":"Traficante \u00e9 preso em flagrante vendendo drogas pr\u00f3ximo a posto de combust\u00edveis na ERS-122 em Flores da Cunha"},"content":{"rendered":"\n<h4 id=\"de-acordo-com-a-brigada-militar-corporacao-recebeu-denuncia-de-que-o-individuo-estaria-traficando-no-local\" class=\"wp-block-heading\">De acordo com a Brigada Militar, corpora\u00e7\u00e3o recebeu den\u00fancia de que o indiv\u00edduo estaria traficando no local<\/h4>\n\n\n\n<p>Um homem de 31 anos foi preso por tr\u00e1fico de entorpecentes em Flores da Cunha. A pris\u00e3o aconteceu na tarde desta quarta-feira (24), por volta das 16h30min, no km 88 da ERS-122.<\/p>\n\n\n\n<p>De acordo com a Brigada Militar, a corpora\u00e7\u00e3o recebeu uma den\u00fancia de que um indiv\u00edduo estaria traficando drogas nas proximidades de um posto de combust\u00edveis \u00e0s margens da rodovia.<\/p>\n\n\n\n<p>Ainda conforme a BM, ao chegar no local os policiais localizaram o ve\u00edculo do suspeito e ao realizar a abordagem, durante revista, foram localizados com o indiv\u00edduo quantidade de coca\u00edna e dinheiro.<\/p>\n\n\n\n<p>O homem foi preso e conduzido \u00e0 Delegacia de Pol\u00edcia onde foi lavrado o auto de pris\u00e3o em flagrante.<\/p>\n\n\n\n<p><\/p>\n","protected":false},"excerpt":{"rendered":"<p>De acordo com a Brigada Militar, corpora\u00e7\u00e3o recebeu den\u00fancia de que o indiv\u00edduo estaria traficando no local Um homem de 31 anos foi preso por tr\u00e1fico de entorpecentes em Flores&hellip;<\/p>\n","protected":false},"author":19,"featured_media":84828,"comment_status":"closed","ping_status":"closed","sticky":false,"template":"","format":"standard","meta":{"_lmt_disableupdate":"","_lmt_disable":"","footnotes":""},"categories":[83],"tags":[247,522,2275,114,303,283,201],"powerkit_post_featured":[],"class_list":{"0":"post-86632","1":"post","2":"type-post","3":"status-publish","4":"format-standard","5":"has-post-thumbnail","7":"category-serra-gaucha","8":"tag-brigada-militar","9":"tag-ers-122-2","10":"tag-flagrante","11":"tag-flores-da-cunha","12":"tag-prisao","13":"tag-serra-gaucha","14":"tag-trafico"},"modified_by":"Luciano Pettorini","_links":{"self":[{"href":"https:\/\/radiosolaris.com.br\/beta\/wp-json\/wp\/v2\/posts\/86632","targetHints":{"allow":["GET"]}}],"collection":[{"href":"https:\/\/radiosolaris.com.br\/beta\/wp-json\/wp\/v2\/posts"}],"about":[{"href":"https:\/\/radiosolaris.com.br\/beta\/wp-json\/wp\/v2\/types\/post"}],"author":[{"embeddable":true,"href":"https:\/\/radiosolaris.com.br\/beta\/wp-json\/wp\/v2\/users\/19"}],"replies":[{"embeddable":true,"href":"https:\/\/radiosolaris.com.br\/beta\/wp-json\/wp\/v2\/comments?post=86632"}],"version-history":[{"count":0,"href":"https:\/\/radiosolaris.com.br\/beta\/wp-json\/wp\/v2\/posts\/86632\/revisions"}],"wp:featuredmedia":[{"embeddable":true,"href":"https:\/\/radiosolaris.com.br\/beta\/wp-json\/wp\/v2\/media\/84828"}],"wp:attachment":[{"href":"https:\/\/radiosolaris.com.br\/beta\/wp-json\/wp\/v2\/media?parent=86632"}],"wp:term":[{"taxonomy":"category","embeddable":true,"href":"https:\/\/radiosolaris.com.br\/beta\/wp-json\/wp\/v2\/categories?post=86632"},{"taxonomy":"post_tag","embeddable":true,"href":"https:\/\/radiosolaris.com.br\/beta\/wp-json\/wp\/v2\/tags?post=86632"},{"taxonomy":"powerkit_post_featured","embeddable":true,"href":"https:\/\/radiosolaris.com.br\/beta\/wp-json\/wp\/v2\/powerkit_post_featured?post=86632"}],"curies":[{"name":"wp","href":"https:\/\/api.w.org\/{rel}","templated":true}]}}