{"id":86486,"date":"2022-08-23T08:35:11","date_gmt":"2022-08-23T11:35:11","guid":{"rendered":"https:\/\/radiosolaris.com.br\/beta\/?p=86486"},"modified":"2022-08-23T14:22:58","modified_gmt":"2022-08-23T17:22:58","slug":"motociclista-morre-apos-colidir-em-poste-na-br-116-em-caxias-do-sul","status":"publish","type":"post","link":"https:\/\/radiosolaris.com.br\/beta\/motociclista-morre-apos-colidir-em-poste-na-br-116-em-caxias-do-sul\/","title":{"rendered":"Motociclista morre em acidente na BR-116, em Caxias do Sul"},"content":{"rendered":"\n<h4 id=\"acidente-aconteceu-no-km-145-da-rodovia-na-regiao-do-bairro-sao-ciro\" class=\"wp-block-heading\">Acidente aconteceu no km 145 da rodovia, na regi\u00e3o do bairro S\u00e3o Ciro<\/h4>\n\n\n\n<p>Um homem ainda n\u00e3o identificado morreu na manh\u00e3 desta ter\u00e7a-feira (23), ap\u00f3s perder o controle da motocicleta que conduzia e colidir em um poste na BR-116, em Caxias do Sul. O acidente aconteceu no km 145 da rodovia, na regi\u00e3o do bairro S\u00e3o Ciro.<\/p>\n\n\n\n<p>De acordo com informa\u00e7\u00f5es da Pol\u00edcia Rodovi\u00e1ria Federal (PRF), o motociclista seguia na dire\u00e7\u00e3o S\u00e3o Marcos-Caxias. A motiva\u00e7\u00e3o do acidente deve ser investigada. O Servi\u00e7o de Atendimento M\u00f3vel de Urg\u00eancia (Samu), chegou a ser acionado, mas o homem morreu no local. <\/p>\n","protected":false},"excerpt":{"rendered":"<p>Acidente aconteceu no km 145 da rodovia, na regi\u00e3o do bairro S\u00e3o Ciro Um homem ainda n\u00e3o identificado morreu na manh\u00e3 desta ter\u00e7a-feira (23), ap\u00f3s perder o controle da motocicleta&hellip;<\/p>\n","protected":false},"author":13,"featured_media":86487,"comment_status":"closed","ping_status":"closed","sticky":false,"template":"","format":"standard","meta":{"_lmt_disableupdate":"","_lmt_disable":"","footnotes":""},"categories":[83],"tags":[307,3532,6552,13403,1015,148,992,283,351],"powerkit_post_featured":[],"class_list":{"0":"post-86486","1":"post","2":"type-post","3":"status-publish","4":"format-standard","5":"has-post-thumbnail","7":"category-serra-gaucha","8":"tag-acidente","9":"tag-acidente-com-morte","10":"tag-acidente-de-transito","11":"tag-acidente-no-km-145-da-br-116","12":"tag-br-116","13":"tag-caxias-do-sul","14":"tag-serra","15":"tag-serra-gaucha","16":"tag-transito"},"modified_by":"Filipe Brogliatto","_links":{"self":[{"href":"https:\/\/radiosolaris.com.br\/beta\/wp-json\/wp\/v2\/posts\/86486","targetHints":{"allow":["GET"]}}],"collection":[{"href":"https:\/\/radiosolaris.com.br\/beta\/wp-json\/wp\/v2\/posts"}],"about":[{"href":"https:\/\/radiosolaris.com.br\/beta\/wp-json\/wp\/v2\/types\/post"}],"author":[{"embeddable":true,"href":"https:\/\/radiosolaris.com.br\/beta\/wp-json\/wp\/v2\/users\/13"}],"replies":[{"embeddable":true,"href":"https:\/\/radiosolaris.com.br\/beta\/wp-json\/wp\/v2\/comments?post=86486"}],"version-history":[{"count":0,"href":"https:\/\/radiosolaris.com.br\/beta\/wp-json\/wp\/v2\/posts\/86486\/revisions"}],"wp:featuredmedia":[{"embeddable":true,"href":"https:\/\/radiosolaris.com.br\/beta\/wp-json\/wp\/v2\/media\/86487"}],"wp:attachment":[{"href":"https:\/\/radiosolaris.com.br\/beta\/wp-json\/wp\/v2\/media?parent=86486"}],"wp:term":[{"taxonomy":"category","embeddable":true,"href":"https:\/\/radiosolaris.com.br\/beta\/wp-json\/wp\/v2\/categories?post=86486"},{"taxonomy":"post_tag","embeddable":true,"href":"https:\/\/radiosolaris.com.br\/beta\/wp-json\/wp\/v2\/tags?post=86486"},{"taxonomy":"powerkit_post_featured","embeddable":true,"href":"https:\/\/radiosolaris.com.br\/beta\/wp-json\/wp\/v2\/powerkit_post_featured?post=86486"}],"curies":[{"name":"wp","href":"https:\/\/api.w.org\/{rel}","templated":true}]}}