{"id":86375,"date":"2022-08-19T17:44:12","date_gmt":"2022-08-19T20:44:12","guid":{"rendered":"https:\/\/radiosolaris.com.br\/beta\/?p=86375"},"modified":"2022-08-19T17:44:16","modified_gmt":"2022-08-19T20:44:16","slug":"aberto-chamamento-publico-para-construcao-da-nova-ubs-de-ana-rech-em-caxias","status":"publish","type":"post","link":"https:\/\/radiosolaris.com.br\/beta\/aberto-chamamento-publico-para-construcao-da-nova-ubs-de-ana-rech-em-caxias\/","title":{"rendered":"Aberto chamamento p\u00fablico para constru\u00e7\u00e3o da nova UBS de Ana Rech, em Caxias"},"content":{"rendered":"\n<h4 id=\"a-atual-ubs-tem-problemas-na-estrutura-e-nao-comporta-toda-a-comunidade-de-ana-rech-e-regiao\" class=\"wp-block-heading\">A atual UBS tem problemas na estrutura e n\u00e3o comporta toda a comunidade de Ana Rech e regi\u00e3o<\/h4>\n\n\n\n<p>Foi publicado no di\u00e1rio oficial desta sexta (19) o chamamento p\u00fablico para a constru\u00e7\u00e3o do pr\u00e9dio da UBS de Ana Rech, em Caxias do Sul. Os interessados em fazer a obra t\u00eam at\u00e9 16 de setembro para apresentar proposta e devem ter o terreno para a instala\u00e7\u00e3o da unidade. Ap\u00f3s a constru\u00e7\u00e3o, a unidade ser\u00e1 locada pela Prefeitura, com contrato inicial de 180 meses, tendo possibilidade de renova\u00e7\u00e3o.<\/p>\n\n\n\n<p>A reforma ou constru\u00e7\u00e3o de uma nova UBS em Ana Rech faz parte do Plano de Governo e a Secretaria Municipal da Sa\u00fade vinha buscando alternativas para a concretiza\u00e7\u00e3o. O valor m\u00e1ximo mensal para loca\u00e7\u00e3o estabelecido pelo Munic\u00edpio para im\u00f3veis com estas caracter\u00edsticas \u00e9 R$ 7.750,00.<\/p>\n\n\n\n<p>\u201cA nossa UBS atual tem problemas estruturais e est\u00e1 localizada em um im\u00f3vel que era originalmente residencial, n\u00e3o estando adequada para que se preste um atendimento de qualidade para a popula\u00e7\u00e3o. Al\u00e9m disso, n\u00e3o comporta o tamanho da comunidade de Ana Rech e regi\u00e3o\u201d, explica a secret\u00e1ria de Sa\u00fade, Daniele Meneguzzi.<\/p>\n\n\n\n<p>Segundo ela, a previs\u00e3o \u00e9 que as obras iniciem no ano que vem.<\/p>\n\n\n\n<figure class=\"wp-block-gallery has-nested-images columns-default is-cropped wp-block-gallery-1 is-layout-flex wp-block-gallery-is-layout-flex\">\n<figure class=\"wp-block-image size-large\"><a href=\"https:\/\/radiosolaris.com.br\/beta\/wp-content\/uploads\/2022\/08\/e4ee4fce8c9096b9bd7f2f27314cae8a.jpg\"><img  loading=\"lazy\"  decoding=\"async\"  width=\"920\"  height=\"500\"  data-id=\"86376\"  src=\"data:image\/png;base64,iVBORw0KGgoAAAANSUhEUgAAAAEAAAABAQMAAAAl21bKAAAAA1BMVEUAAP+KeNJXAAAAAXRSTlMAQObYZgAAAAlwSFlzAAAOxAAADsQBlSsOGwAAAApJREFUCNdjYAAAAAIAAeIhvDMAAAAASUVORK5CYII=\"  alt=\"\"  class=\"wp-image-86376 pk-lazyload\"  data-pk-sizes=\"auto\"  data-ls-sizes=\"auto, (max-width: 920px) 100vw, 920px\"  data-pk-src=\"https:\/\/radiosolaris.com.br\/beta\/wp-content\/uploads\/2022\/08\/e4ee4fce8c9096b9bd7f2f27314cae8a.jpg\"  data-pk-srcset=\"https:\/\/radiosolaris.com.br\/beta\/wp-content\/uploads\/2022\/08\/e4ee4fce8c9096b9bd7f2f27314cae8a.jpg 920w, https:\/\/radiosolaris.com.br\/beta\/wp-content\/uploads\/2022\/08\/e4ee4fce8c9096b9bd7f2f27314cae8a-800x435.jpg 800w\" ><\/a><\/figure>\n<figcaption class=\"blocks-gallery-caption\">A atual UBS ficou pequena diante do crescimento populacional na regi\u00e3o<br>Foto: Assessoria Prefeitura de Caxias do Sul<\/figcaption><\/figure>\n","protected":false},"excerpt":{"rendered":"<p>A atual UBS tem problemas na estrutura e n\u00e3o comporta toda a comunidade de Ana Rech e regi\u00e3o Foi publicado no di\u00e1rio oficial desta sexta (19) o chamamento p\u00fablico para&hellip;<\/p>\n","protected":false},"author":17,"featured_media":86376,"comment_status":"closed","ping_status":"closed","sticky":false,"template":"","format":"standard","meta":{"_lmt_disableupdate":"","_lmt_disable":"","footnotes":""},"categories":[83],"tags":[8273,148,13383,13382,283,13381],"powerkit_post_featured":[],"class_list":{"0":"post-86375","1":"post","2":"type-post","3":"status-publish","4":"format-standard","5":"has-post-thumbnail","7":"category-serra-gaucha","8":"tag-ana-rech","9":"tag-caxias-do-sul","10":"tag-chamamento-para-construcao-de-ubs-em-caxias-do-sul","11":"tag-nova-ubs-de-ana-rech","12":"tag-serra-gaucha","13":"tag-ubs-de-ana-rech"},"modified_by":"Igor Panzenhagen","_links":{"self":[{"href":"https:\/\/radiosolaris.com.br\/beta\/wp-json\/wp\/v2\/posts\/86375","targetHints":{"allow":["GET"]}}],"collection":[{"href":"https:\/\/radiosolaris.com.br\/beta\/wp-json\/wp\/v2\/posts"}],"about":[{"href":"https:\/\/radiosolaris.com.br\/beta\/wp-json\/wp\/v2\/types\/post"}],"author":[{"embeddable":true,"href":"https:\/\/radiosolaris.com.br\/beta\/wp-json\/wp\/v2\/users\/17"}],"replies":[{"embeddable":true,"href":"https:\/\/radiosolaris.com.br\/beta\/wp-json\/wp\/v2\/comments?post=86375"}],"version-history":[{"count":0,"href":"https:\/\/radiosolaris.com.br\/beta\/wp-json\/wp\/v2\/posts\/86375\/revisions"}],"wp:featuredmedia":[{"embeddable":true,"href":"https:\/\/radiosolaris.com.br\/beta\/wp-json\/wp\/v2\/media\/86376"}],"wp:attachment":[{"href":"https:\/\/radiosolaris.com.br\/beta\/wp-json\/wp\/v2\/media?parent=86375"}],"wp:term":[{"taxonomy":"category","embeddable":true,"href":"https:\/\/radiosolaris.com.br\/beta\/wp-json\/wp\/v2\/categories?post=86375"},{"taxonomy":"post_tag","embeddable":true,"href":"https:\/\/radiosolaris.com.br\/beta\/wp-json\/wp\/v2\/tags?post=86375"},{"taxonomy":"powerkit_post_featured","embeddable":true,"href":"https:\/\/radiosolaris.com.br\/beta\/wp-json\/wp\/v2\/powerkit_post_featured?post=86375"}],"curies":[{"name":"wp","href":"https:\/\/api.w.org\/{rel}","templated":true}]}}