{"id":86235,"date":"2022-08-17T13:39:40","date_gmt":"2022-08-17T16:39:40","guid":{"rendered":"https:\/\/radiosolaris.com.br\/beta\/?p=86235"},"modified":"2022-08-17T13:39:43","modified_gmt":"2022-08-17T16:39:43","slug":"programa-flores-renda-visa-incentivar-a-inclusao-produtiva-no-municipio","status":"publish","type":"post","link":"https:\/\/radiosolaris.com.br\/beta\/programa-flores-renda-visa-incentivar-a-inclusao-produtiva-no-municipio\/","title":{"rendered":"Programa Flores + Renda visa incentivar a inclus\u00e3o produtiva no munic\u00edpio"},"content":{"rendered":"\n<h4 id=\"iniciativa-sera-lancada-no-dia-24-na-casa-de-cultura-flavio-luis-ferrarini\" class=\"wp-block-heading\">Iniciativa ser\u00e1 lan\u00e7ada no dia 24, na Casa de Cultura Fl\u00e1vio Luis Ferrarini<\/h4>\n\n\n\n<p>O trabalho integrado entre a Secretaria de Desenvolvimento Econ\u00f4mico, Turismo e Inova\u00e7\u00e3o e a Secretaria de Desenvolvimento Social originou o projeto \u2018Flores + Renda\u2019. O programa de inova\u00e7\u00e3o social visa fomentar a inclus\u00e3o produtiva, ou seja, garantir para a comunidade o acesso a fontes de renda, por meio da conex\u00e3o entre poder p\u00fablico, empresas, parceiros e institui\u00e7\u00f5es de ensino. Jovens, mulheres chefes de fam\u00edlia, adultos com mais de 50 anos e pessoas que utilizam os servi\u00e7os de assist\u00eancia social s\u00e3o os p\u00fablicos-alvo do Flores + Renda.<\/p>\n\n\n\n<p>Para o secret\u00e1rio de Desenvolvimento Econ\u00f4mico, Turismo e Inova\u00e7\u00e3o, Tiago Centenaro Mignoni, a Administra\u00e7\u00e3o Municipal trabalha com o prop\u00f3sito de criar um ambiente adequado para que as empresas, as institui\u00e7\u00f5es de ensino e os profissionais se conectem. \u201cVamos ajudar as pessoas a se qualificarem e estarem mais preparadas para as oportunidades do nosso mercado de trabalho. Vamos auxiliar as empresas na busca por talentos e a evolu\u00edrem na gest\u00e3o de pessoas\u201d. Atuar pelo desenvolvimento sustent\u00e1vel de Flores da Cunha \u00e9 o que motiva a realiza\u00e7\u00e3o do programa\u201d, destaca Mignoni.<\/p>\n\n\n\n<p><strong>Primeiros passos<br><\/strong>O programa, que ser\u00e1 lan\u00e7ado no pr\u00f3ximo dia 24, contar\u00e1 com in\u00fameras atividades para cumprir com seus objetivos. Uma a\u00e7\u00e3o j\u00e1 est\u00e1 prevista para o dia 3 de setembro: o \u201c1\u00b0 mutir\u00e3o do emprego\u201d. Mais de 15 empresas de Flores da Cunha estar\u00e3o juntas a fim de oferecer oportunidades de trabalho \u00e0 comunidade. O mutir\u00e3o do emprego ocorrer\u00e1 no audit\u00f3rio da Casa de Cultura Fl\u00e1vio Luis Ferrarini, das 9h \u00e0s 11h. As pessoas que tiverem interesse em buscar novas possibilidades profissionais podem comparecer.<\/p>\n\n\n\n<p>Segundo a secret\u00e1ria de Desenvolvimento Social, Michelle Lusa, o \u2018Flores + Renda\u2019 tem o intuito de unir for\u00e7as e potencializar o munic\u00edpio nas \u00e1reas social e econ\u00f4mica. &#8220;A proposta \u00e9 estimular as pessoas a sonharem e acreditarem no pr\u00f3prio potencial, despertando o desejo de fazer a diferen\u00e7a onde quer que estejam&#8221;, afirma Michelle.<\/p>\n","protected":false},"excerpt":{"rendered":"<p>Iniciativa ser\u00e1 lan\u00e7ada no dia 24, na Casa de Cultura Fl\u00e1vio Luis Ferrarini O trabalho integrado entre a Secretaria de Desenvolvimento Econ\u00f4mico, Turismo e Inova\u00e7\u00e3o e a Secretaria de Desenvolvimento&hellip;<\/p>\n","protected":false},"author":13,"featured_media":86236,"comment_status":"closed","ping_status":"closed","sticky":false,"template":"","format":"standard","meta":{"_lmt_disableupdate":"","_lmt_disable":"","footnotes":""},"categories":[83],"tags":[13332,114,3105,13331,13333,992,283],"powerkit_post_featured":[],"class_list":{"0":"post-86235","1":"post","2":"type-post","3":"status-publish","4":"format-standard","5":"has-post-thumbnail","7":"category-serra-gaucha","8":"tag-flores-renda","9":"tag-flores-da-cunha","10":"tag-prefeitura-de-flores-da-cunha","11":"tag-programa-flores-renda","12":"tag-secretaria-de-desenvolvimento-economico","13":"tag-serra","14":"tag-serra-gaucha"},"modified_by":"Filipe Brogliatto","_links":{"self":[{"href":"https:\/\/radiosolaris.com.br\/beta\/wp-json\/wp\/v2\/posts\/86235","targetHints":{"allow":["GET"]}}],"collection":[{"href":"https:\/\/radiosolaris.com.br\/beta\/wp-json\/wp\/v2\/posts"}],"about":[{"href":"https:\/\/radiosolaris.com.br\/beta\/wp-json\/wp\/v2\/types\/post"}],"author":[{"embeddable":true,"href":"https:\/\/radiosolaris.com.br\/beta\/wp-json\/wp\/v2\/users\/13"}],"replies":[{"embeddable":true,"href":"https:\/\/radiosolaris.com.br\/beta\/wp-json\/wp\/v2\/comments?post=86235"}],"version-history":[{"count":0,"href":"https:\/\/radiosolaris.com.br\/beta\/wp-json\/wp\/v2\/posts\/86235\/revisions"}],"wp:featuredmedia":[{"embeddable":true,"href":"https:\/\/radiosolaris.com.br\/beta\/wp-json\/wp\/v2\/media\/86236"}],"wp:attachment":[{"href":"https:\/\/radiosolaris.com.br\/beta\/wp-json\/wp\/v2\/media?parent=86235"}],"wp:term":[{"taxonomy":"category","embeddable":true,"href":"https:\/\/radiosolaris.com.br\/beta\/wp-json\/wp\/v2\/categories?post=86235"},{"taxonomy":"post_tag","embeddable":true,"href":"https:\/\/radiosolaris.com.br\/beta\/wp-json\/wp\/v2\/tags?post=86235"},{"taxonomy":"powerkit_post_featured","embeddable":true,"href":"https:\/\/radiosolaris.com.br\/beta\/wp-json\/wp\/v2\/powerkit_post_featured?post=86235"}],"curies":[{"name":"wp","href":"https:\/\/api.w.org\/{rel}","templated":true}]}}