{"id":86174,"date":"2022-08-16T15:45:01","date_gmt":"2022-08-16T18:45:01","guid":{"rendered":"https:\/\/radiosolaris.com.br\/beta\/?p=86174"},"modified":"2022-08-16T15:45:04","modified_gmt":"2022-08-16T18:45:04","slug":"secretaria-de-aviacao-civil-aprova-segunda-etapa-do-projeto-do-aeroporto-de-vila-oliva","status":"publish","type":"post","link":"https:\/\/radiosolaris.com.br\/beta\/secretaria-de-aviacao-civil-aprova-segunda-etapa-do-projeto-do-aeroporto-de-vila-oliva\/","title":{"rendered":"Secretaria de Avia\u00e7\u00e3o Civil aprova segunda etapa do projeto do Aeroporto de Vila Oliva"},"content":{"rendered":"\n<h4 id=\"pasta-vinculada-ao-ministerio-da-infraestrutura-aprovou-todo-o-layout-do-projeto\" class=\"wp-block-heading\">Pasta vinculada ao Minist\u00e9rio da Infraestrutura aprovou todo o layout do projeto<\/h4>\n\n\n\n<p>Na \u00faltima semana, a Secretaria de Avia\u00e7\u00e3o Civil, vinculada ao Minist\u00e9rio da Infraestrutura, aprovou a segunda etapa do aeroporto de Vila Oliva, em Caxias do Sul. A aprova\u00e7\u00e3o desta etapa significa que agora todo o layout foi aprovado, o tamanho do terminal de passageiros est\u00e1 definido e o da pista tamb\u00e9m.<\/p>\n\n\n\n<p>A Secret\u00e1ria Municipal de Planejamento, Margarete Bender, define esta parte, como a mais importante de todo trabalho. \u201cConsideramos um avan\u00e7o muito importante, e agora, praticamente a partir da segunda etapa, os trabalhos s\u00e3o de ordem quase que complementar\u201d, explica a secret\u00e1ria.<\/p>\n","protected":false},"excerpt":{"rendered":"<p>Pasta vinculada ao Minist\u00e9rio da Infraestrutura aprovou todo o layout do projeto Na \u00faltima semana, a Secretaria de Avia\u00e7\u00e3o Civil, vinculada ao Minist\u00e9rio da Infraestrutura, aprovou a segunda etapa do&hellip;<\/p>\n","protected":false},"author":13,"featured_media":20306,"comment_status":"closed","ping_status":"closed","sticky":false,"template":"","format":"standard","meta":{"_lmt_disableupdate":"","_lmt_disable":"","footnotes":""},"categories":[83],"tags":[13309,148,13312,5578,326,13311,13310,13313,992,283],"powerkit_post_featured":[],"class_list":{"0":"post-86174","1":"post","2":"type-post","3":"status-publish","4":"format-standard","5":"has-post-thumbnail","7":"category-serra-gaucha","8":"tag-aeroporto-de-vila-oliva","9":"tag-caxias-do-sul","10":"tag-margarete-bender","11":"tag-prefeitura-de-caxias-do-sul","12":"tag-projeto","13":"tag-projeto-do-aeroporto-de-vila-oliva","14":"tag-secretaria-de-aviacao-civil","15":"tag-secretaria-municipal-de-planejamento","16":"tag-serra","17":"tag-serra-gaucha"},"modified_by":"Filipe Brogliatto","_links":{"self":[{"href":"https:\/\/radiosolaris.com.br\/beta\/wp-json\/wp\/v2\/posts\/86174","targetHints":{"allow":["GET"]}}],"collection":[{"href":"https:\/\/radiosolaris.com.br\/beta\/wp-json\/wp\/v2\/posts"}],"about":[{"href":"https:\/\/radiosolaris.com.br\/beta\/wp-json\/wp\/v2\/types\/post"}],"author":[{"embeddable":true,"href":"https:\/\/radiosolaris.com.br\/beta\/wp-json\/wp\/v2\/users\/13"}],"replies":[{"embeddable":true,"href":"https:\/\/radiosolaris.com.br\/beta\/wp-json\/wp\/v2\/comments?post=86174"}],"version-history":[{"count":0,"href":"https:\/\/radiosolaris.com.br\/beta\/wp-json\/wp\/v2\/posts\/86174\/revisions"}],"wp:featuredmedia":[{"embeddable":true,"href":"https:\/\/radiosolaris.com.br\/beta\/wp-json\/wp\/v2\/media\/20306"}],"wp:attachment":[{"href":"https:\/\/radiosolaris.com.br\/beta\/wp-json\/wp\/v2\/media?parent=86174"}],"wp:term":[{"taxonomy":"category","embeddable":true,"href":"https:\/\/radiosolaris.com.br\/beta\/wp-json\/wp\/v2\/categories?post=86174"},{"taxonomy":"post_tag","embeddable":true,"href":"https:\/\/radiosolaris.com.br\/beta\/wp-json\/wp\/v2\/tags?post=86174"},{"taxonomy":"powerkit_post_featured","embeddable":true,"href":"https:\/\/radiosolaris.com.br\/beta\/wp-json\/wp\/v2\/powerkit_post_featured?post=86174"}],"curies":[{"name":"wp","href":"https:\/\/api.w.org\/{rel}","templated":true}]}}