{"id":86169,"date":"2022-08-16T15:15:29","date_gmt":"2022-08-16T18:15:29","guid":{"rendered":"https:\/\/radiosolaris.com.br\/beta\/?p=86169"},"modified":"2022-08-16T15:15:32","modified_gmt":"2022-08-16T18:15:32","slug":"bairro-fatima-recebera-o-programa-camara-nos-bairros","status":"publish","type":"post","link":"https:\/\/radiosolaris.com.br\/beta\/bairro-fatima-recebera-o-programa-camara-nos-bairros\/","title":{"rendered":"Bairro F\u00e1tima receber\u00e1 o Programa C\u00e2mara nos Bairros"},"content":{"rendered":"\n<h4 id=\"os-vereadores-estarao-a-disposicao-da-comunidade-para-ouvir-e-encaminhar-as-demandas-da-regiao\" class=\"wp-block-heading\">Os vereadores estar\u00e3o \u00e0 disposi\u00e7\u00e3o da comunidade para ouvir e encaminhar as demandas da regi\u00e3o<\/h4>\n\n\n\n<p>A tenda da C\u00e2mara de Vereadores de Ant\u00f4nio Prado estar\u00e1 em frente \u00e0 Capela Nossa Senhora de F\u00e1tima, no dia 27 de agosto, das 9h \u00e0s 11h30min. Em caso de chuva a a\u00e7\u00e3o ser\u00e1 adiada.<\/p>\n\n\n\n<p>O Programa \u201cC\u00e2mara nos Bairros\u201d tem por objetivo oferecer servi\u00e7os e colher demandas da comunidade. O projeto visa a democratiza\u00e7\u00e3o do acesso ao Poder Legislativo e cumprimento de suas atribui\u00e7\u00f5es referente \u00e0 fiscaliza\u00e7\u00e3o e representa\u00e7\u00e3o da comunidade com as principais demandas dos bairros de Ant\u00f4nio Prado.<\/p>\n\n\n\n<p>Ressalta-se que o intuito do projeto \u00e9 aproximar a comunidade pradense do Legislativo, al\u00e9m de unir for\u00e7as com as lideran\u00e7as comunit\u00e1rias e potencializar a a\u00e7\u00e3o fiscalizadora dos vereadores junto aos servi\u00e7os p\u00fablicos, pois entende-se que \u00e9 obriga\u00e7\u00e3o dos vereadores saber da realidade de cada comunidade e o projeto oportuniza a aproxima\u00e7\u00e3o da voz da popula\u00e7\u00e3o com a C\u00e2mara, inclusive propiciar\u00e1 que todos os servi\u00e7os sejam bem utilizados.<\/p>\n\n\n\n<p>Fonte: Legislativo Pradense<\/p>\n","protected":false},"excerpt":{"rendered":"<p>Os vereadores estar\u00e3o \u00e0 disposi\u00e7\u00e3o da comunidade para ouvir e encaminhar as demandas da regi\u00e3o A tenda da C\u00e2mara de Vereadores de Ant\u00f4nio Prado estar\u00e1 em frente \u00e0 Capela Nossa&hellip;<\/p>\n","protected":false},"author":1,"featured_media":86172,"comment_status":"closed","ping_status":"closed","sticky":false,"template":"","format":"standard","meta":{"_lmt_disableupdate":"","_lmt_disable":"","footnotes":""},"categories":[1,83],"tags":[499,11092],"powerkit_post_featured":[],"class_list":{"0":"post-86169","1":"post","2":"type-post","3":"status-publish","4":"format-standard","5":"has-post-thumbnail","7":"category-geral","8":"category-serra-gaucha","9":"tag-bairro-fatima","10":"tag-camara-nos-bairros"},"modified_by":null,"_links":{"self":[{"href":"https:\/\/radiosolaris.com.br\/beta\/wp-json\/wp\/v2\/posts\/86169","targetHints":{"allow":["GET"]}}],"collection":[{"href":"https:\/\/radiosolaris.com.br\/beta\/wp-json\/wp\/v2\/posts"}],"about":[{"href":"https:\/\/radiosolaris.com.br\/beta\/wp-json\/wp\/v2\/types\/post"}],"author":[{"embeddable":true,"href":"https:\/\/radiosolaris.com.br\/beta\/wp-json\/wp\/v2\/users\/1"}],"replies":[{"embeddable":true,"href":"https:\/\/radiosolaris.com.br\/beta\/wp-json\/wp\/v2\/comments?post=86169"}],"version-history":[{"count":0,"href":"https:\/\/radiosolaris.com.br\/beta\/wp-json\/wp\/v2\/posts\/86169\/revisions"}],"wp:featuredmedia":[{"embeddable":true,"href":"https:\/\/radiosolaris.com.br\/beta\/wp-json\/wp\/v2\/media\/86172"}],"wp:attachment":[{"href":"https:\/\/radiosolaris.com.br\/beta\/wp-json\/wp\/v2\/media?parent=86169"}],"wp:term":[{"taxonomy":"category","embeddable":true,"href":"https:\/\/radiosolaris.com.br\/beta\/wp-json\/wp\/v2\/categories?post=86169"},{"taxonomy":"post_tag","embeddable":true,"href":"https:\/\/radiosolaris.com.br\/beta\/wp-json\/wp\/v2\/tags?post=86169"},{"taxonomy":"powerkit_post_featured","embeddable":true,"href":"https:\/\/radiosolaris.com.br\/beta\/wp-json\/wp\/v2\/powerkit_post_featured?post=86169"}],"curies":[{"name":"wp","href":"https:\/\/api.w.org\/{rel}","templated":true}]}}