{"id":86042,"date":"2022-08-14T18:35:28","date_gmt":"2022-08-14T21:35:28","guid":{"rendered":"https:\/\/radiosolaris.com.br\/beta\/?p=86042"},"modified":"2022-08-14T18:35:32","modified_gmt":"2022-08-14T21:35:32","slug":"motorista-embriagado-se-envolve-em-acidente-de-transito-em-flores-da-cunha","status":"publish","type":"post","link":"https:\/\/radiosolaris.com.br\/beta\/motorista-embriagado-se-envolve-em-acidente-de-transito-em-flores-da-cunha\/","title":{"rendered":"Motorista embriagado se envolve em acidente de tr\u00e2nsito em Flores da Cunha"},"content":{"rendered":"\n<h4 id=\"o-homem-foi-preso-por-embriaguez-ao-volante-e-por-dirigir-sem-cnh\" class=\"wp-block-heading\">O homem foi preso por embriaguez ao volante e por dirigir sem CNH<\/h4>\n\n\n\n<p>Um homem  de 50 anos foi preso ap\u00f3s se envolver em um acidente de tr\u00e2nsito por volta das 17h de s\u00e1bado (13), no bairro P\u00e9rola, em Flores da Cunha. A Brigada Militar (BM) foi acionada e constatou, por meio do teste de etil\u00f4metro, que o condutor do ve\u00edculo Fiat\/Uno estava embriagado. Al\u00e9m disso, ele n\u00e3o possu\u00eda Carteira Nacional de Habilita\u00e7\u00e3o (CNH).<\/p>\n\n\n\n<p>O ve\u00edculo foi recolhido ao dep\u00f3sito credenciado do Detran.<\/p>\n\n\n\n<p><\/p>\n\n\n\n<p><\/p>\n","protected":false},"excerpt":{"rendered":"<p>O homem foi preso por embriaguez ao volante e por dirigir sem CNH Um homem de 50 anos foi preso ap\u00f3s se envolver em um acidente de tr\u00e2nsito por volta&hellip;<\/p>\n","protected":false},"author":17,"featured_media":84833,"comment_status":"closed","ping_status":"closed","sticky":false,"template":"","format":"standard","meta":{"_lmt_disableupdate":"","_lmt_disable":"","footnotes":""},"categories":[83],"tags":[307,4417,2470,283],"powerkit_post_featured":[],"class_list":{"0":"post-86042","1":"post","2":"type-post","3":"status-publish","4":"format-standard","5":"has-post-thumbnail","7":"category-serra-gaucha","8":"tag-acidente","9":"tag-bairro-perola","10":"tag-embriaguez-ao-volante","11":"tag-serra-gaucha"},"modified_by":"Igor Panzenhagen","_links":{"self":[{"href":"https:\/\/radiosolaris.com.br\/beta\/wp-json\/wp\/v2\/posts\/86042","targetHints":{"allow":["GET"]}}],"collection":[{"href":"https:\/\/radiosolaris.com.br\/beta\/wp-json\/wp\/v2\/posts"}],"about":[{"href":"https:\/\/radiosolaris.com.br\/beta\/wp-json\/wp\/v2\/types\/post"}],"author":[{"embeddable":true,"href":"https:\/\/radiosolaris.com.br\/beta\/wp-json\/wp\/v2\/users\/17"}],"replies":[{"embeddable":true,"href":"https:\/\/radiosolaris.com.br\/beta\/wp-json\/wp\/v2\/comments?post=86042"}],"version-history":[{"count":0,"href":"https:\/\/radiosolaris.com.br\/beta\/wp-json\/wp\/v2\/posts\/86042\/revisions"}],"wp:featuredmedia":[{"embeddable":true,"href":"https:\/\/radiosolaris.com.br\/beta\/wp-json\/wp\/v2\/media\/84833"}],"wp:attachment":[{"href":"https:\/\/radiosolaris.com.br\/beta\/wp-json\/wp\/v2\/media?parent=86042"}],"wp:term":[{"taxonomy":"category","embeddable":true,"href":"https:\/\/radiosolaris.com.br\/beta\/wp-json\/wp\/v2\/categories?post=86042"},{"taxonomy":"post_tag","embeddable":true,"href":"https:\/\/radiosolaris.com.br\/beta\/wp-json\/wp\/v2\/tags?post=86042"},{"taxonomy":"powerkit_post_featured","embeddable":true,"href":"https:\/\/radiosolaris.com.br\/beta\/wp-json\/wp\/v2\/powerkit_post_featured?post=86042"}],"curies":[{"name":"wp","href":"https:\/\/api.w.org\/{rel}","templated":true}]}}