{"id":86006,"date":"2022-08-12T16:49:33","date_gmt":"2022-08-12T19:49:33","guid":{"rendered":"https:\/\/radiosolaris.com.br\/beta\/?p=86006"},"modified":"2022-08-12T17:11:42","modified_gmt":"2022-08-12T20:11:42","slug":"homem-natural-de-flores-da-cunha-e-preso-com-caminhao-oriundo-de-golpe-em-passo-fundo","status":"publish","type":"post","link":"https:\/\/radiosolaris.com.br\/beta\/homem-natural-de-flores-da-cunha-e-preso-com-caminhao-oriundo-de-golpe-em-passo-fundo\/","title":{"rendered":"Homem natural de Flores da Cunha \u00e9 preso com caminh\u00e3o oriundo de golpe em Passo Fundo"},"content":{"rendered":"\n<h4 id=\"estelionatario-negociava-caminhoes-utilizando-a-tecnica-do-golpe-de-envelope-vazio\" class=\"wp-block-heading\">Estelionat\u00e1rio negociava caminh\u00f5es utilizando a t\u00e9cnica do golpe de envelope vazio<\/h4>\n\n\n\n<p>Um homem de 40 anos, natural de Flores da Cunha, foi preso na noite desta quinta-feira (11), com um caminh\u00e3o provindo de um golpe de compra fraudulenta. Al\u00e9m dele, uma mulher, tamb\u00e9m de 40 anos, foi detida na cidade de Passo Fundo.<\/p>\n\n\n\n<p>De acordo com a Pol\u00edcia Rodovi\u00e1ria Federal (PRF), no come\u00e7o da semana, um homem de Barra do Ribeiro (RS), procurou a pol\u00edcia para informar que havia perdido seu caminh\u00e3o ap\u00f3s cair no golpe do envelope vazio. A PRF conseguiu identificar o suspeito e descobriu que ele seguia cometendo crimes.<\/p>\n\n\n\n<p>Na tarde da quinta, o florense \u201ccomprou\u201d um caminh\u00e3o em Santa Catarina e voltava para o Estado com o ve\u00edculo modelo Mercedes-Benz, emplacado na cidade de Bandeirante. O indiv\u00edduo foi abordado quando passava por Passo Fundo.<\/p>\n\n\n\n<p>Segundo a PRF, o homem tem diversas passagens por tr\u00e1fico de drogas, furto e estelionato. Nas consultas, os policiais descobriram que ele e a mulher foram presos juntos em maio deste ano por estelionato. Al\u00e9m disso, a mulher, natural de Duque de Caxias (RJ) estava sendo procurada pela Justi\u00e7a pelo mesmo crime.&nbsp;<\/p>\n\n\n\n<p>Os policiais fizeram contato com o propriet\u00e1rio do caminh\u00e3o, que disse ter vendido o ve\u00edculo, sendo pago atrav\u00e9s de um dep\u00f3sito banc\u00e1rio. Alertado pela pol\u00edcia, ele ent\u00e3o checou com o banco e confirmou que o dep\u00f3sito n\u00e3o se confirmou, pois foi feito com um envelope vazio.<\/p>\n\n\n\n<p>O casal foi preso e conduzido para a delegacia. O caminh\u00e3o foi recolhido e ser\u00e1 devolvido ao dono.<\/p>\n\n\n\n<figure class=\"wp-block-gallery has-nested-images columns-default is-cropped wp-block-gallery-1 is-layout-flex wp-block-gallery-is-layout-flex\">\n<figure class=\"wp-block-image size-large\"><a href=\"https:\/\/radiosolaris.com.br\/beta\/wp-content\/uploads\/2022\/08\/Homem-natural-de-Flores-da-Cunha-e-preso-com-caminhao-roubado-em-Passo-Fundo.jpeg\"><img  loading=\"lazy\"  decoding=\"async\"  width=\"1280\"  height=\"960\"  data-id=\"86007\"  src=\"data:image\/png;base64,iVBORw0KGgoAAAANSUhEUgAAAAEAAAABAQMAAAAl21bKAAAAA1BMVEUAAP+KeNJXAAAAAXRSTlMAQObYZgAAAAlwSFlzAAAOxAAADsQBlSsOGwAAAApJREFUCNdjYAAAAAIAAeIhvDMAAAAASUVORK5CYII=\"  alt=\"\"  class=\"wp-image-86007 pk-lazyload\"  data-pk-sizes=\"auto\"  data-ls-sizes=\"auto, (max-width: 1280px) 100vw, 1280px\"  data-pk-src=\"https:\/\/radiosolaris.com.br\/beta\/wp-content\/uploads\/2022\/08\/Homem-natural-de-Flores-da-Cunha-e-preso-com-caminhao-roubado-em-Passo-Fundo.jpeg\"  data-pk-srcset=\"https:\/\/radiosolaris.com.br\/beta\/wp-content\/uploads\/2022\/08\/Homem-natural-de-Flores-da-Cunha-e-preso-com-caminhao-roubado-em-Passo-Fundo.jpeg 1280w, https:\/\/radiosolaris.com.br\/beta\/wp-content\/uploads\/2022\/08\/Homem-natural-de-Flores-da-Cunha-e-preso-com-caminhao-roubado-em-Passo-Fundo-800x600.jpeg 800w, https:\/\/radiosolaris.com.br\/beta\/wp-content\/uploads\/2022\/08\/Homem-natural-de-Flores-da-Cunha-e-preso-com-caminhao-roubado-em-Passo-Fundo-1160x870.jpeg 1160w\" ><\/a><\/figure>\n<figcaption class=\"blocks-gallery-caption\">Homem natural de Flores da Cunha \u00e9 preso com caminh\u00e3o roubado em Passo Fundo<\/figcaption><\/figure>\n","protected":false},"excerpt":{"rendered":"<p>Estelionat\u00e1rio negociava caminh\u00f5es utilizando a t\u00e9cnica do golpe de envelope vazio Um homem de 40 anos, natural de Flores da Cunha, foi preso na noite desta quinta-feira (11), com um&hellip;<\/p>\n","protected":false},"author":13,"featured_media":86007,"comment_status":"closed","ping_status":"closed","sticky":false,"template":"","format":"standard","meta":{"_lmt_disableupdate":"","_lmt_disable":"","footnotes":""},"categories":[83],"tags":[114,366,5690,3040,1507,303,446,992,283],"powerkit_post_featured":[],"class_list":{"0":"post-86006","1":"post","2":"type-post","3":"status-publish","4":"format-standard","5":"has-post-thumbnail","7":"category-serra-gaucha","8":"tag-flores-da-cunha","9":"tag-furto","10":"tag-golpe-do-envelope-vazio","11":"tag-ocorrencia","12":"tag-passo-fundo","13":"tag-prisao","14":"tag-roubo","15":"tag-serra","16":"tag-serra-gaucha"},"modified_by":"Filipe Brogliatto","_links":{"self":[{"href":"https:\/\/radiosolaris.com.br\/beta\/wp-json\/wp\/v2\/posts\/86006","targetHints":{"allow":["GET"]}}],"collection":[{"href":"https:\/\/radiosolaris.com.br\/beta\/wp-json\/wp\/v2\/posts"}],"about":[{"href":"https:\/\/radiosolaris.com.br\/beta\/wp-json\/wp\/v2\/types\/post"}],"author":[{"embeddable":true,"href":"https:\/\/radiosolaris.com.br\/beta\/wp-json\/wp\/v2\/users\/13"}],"replies":[{"embeddable":true,"href":"https:\/\/radiosolaris.com.br\/beta\/wp-json\/wp\/v2\/comments?post=86006"}],"version-history":[{"count":0,"href":"https:\/\/radiosolaris.com.br\/beta\/wp-json\/wp\/v2\/posts\/86006\/revisions"}],"wp:featuredmedia":[{"embeddable":true,"href":"https:\/\/radiosolaris.com.br\/beta\/wp-json\/wp\/v2\/media\/86007"}],"wp:attachment":[{"href":"https:\/\/radiosolaris.com.br\/beta\/wp-json\/wp\/v2\/media?parent=86006"}],"wp:term":[{"taxonomy":"category","embeddable":true,"href":"https:\/\/radiosolaris.com.br\/beta\/wp-json\/wp\/v2\/categories?post=86006"},{"taxonomy":"post_tag","embeddable":true,"href":"https:\/\/radiosolaris.com.br\/beta\/wp-json\/wp\/v2\/tags?post=86006"},{"taxonomy":"powerkit_post_featured","embeddable":true,"href":"https:\/\/radiosolaris.com.br\/beta\/wp-json\/wp\/v2\/powerkit_post_featured?post=86006"}],"curies":[{"name":"wp","href":"https:\/\/api.w.org\/{rel}","templated":true}]}}