{"id":85958,"date":"2022-08-12T09:52:00","date_gmt":"2022-08-12T12:52:00","guid":{"rendered":"https:\/\/radiosolaris.com.br\/beta\/?p=85958"},"modified":"2022-08-12T11:36:18","modified_gmt":"2022-08-12T14:36:18","slug":"homem-que-trabalhava-em-obra-na-ers-122-fica-gravemente-ferido-apos-ser-atingido-por-veiculo-em-caxias-do-sul","status":"publish","type":"post","link":"https:\/\/radiosolaris.com.br\/beta\/homem-que-trabalhava-em-obra-na-ers-122-fica-gravemente-ferido-apos-ser-atingido-por-veiculo-em-caxias-do-sul\/","title":{"rendered":"Homem que trabalhava em obra na ERS-122, em Caxias do Sul, fica ferido ap\u00f3s ser atingido por pedra em acidente de tr\u00e2nsito"},"content":{"rendered":"\n<h4 id=\"acidente-aconteceu-na-manha-desta-sexta-11-na-construcao-da-alca-de-acesso-para-a-rota-do-sol\" class=\"wp-block-heading\">Acidente aconteceu na manh\u00e3 desta sexta (11), na constru\u00e7\u00e3o da al\u00e7a de acesso para a Rota do Sol<\/h4>\n\n\n\n<h5 id=\"correcao-diferentemente-do-que-foi-publicando-entre-9h52min-e-11h32min-nao-foi-o-veiculo-que-atingiu-o-trabalhador-mas-sim-uma-pedra-que-saltou-com-o-impacto-da-batida-do-carro-no-solo\" class=\"wp-block-heading\">**CORRE\u00c7\u00c3O: Diferentemente do que foi publicando entre 9h52min e 11h32min, n\u00e3o foi o ve\u00edculo que atingiu o trabalhador, mas sim uma pedra que saltou com o impacto da batida do carro no solo. <\/h5>\n\n\n\n<p>Um funcion\u00e1rio da empresa Ecopav que trabalhava nas obras da al\u00e7a de acesso ligando a ERS-122 com a RSC-453 (Rota do Sol), na entrada de Caxias do Sul, ficou ferido ap\u00f3s ser atingido por uma pedra lan\u00e7ada ap\u00f3s um acidente de tr\u00e2nsito na manh\u00e3 desta sexta-feira (12). O fato foi registrado pouco antes das 9h, no km 85 da ERS-122, em frente \u00e0 Bormana.<\/p>\n\n\n\n<p>De acordo com informa\u00e7\u00f5es de testemunhas, o ve\u00edculo Ford Focus seguia na dire\u00e7\u00e3o de Flores da Cunha-Caxias, quando o motorista perdeu o controle da dire\u00e7\u00e3o. O carro invadiu o isolamento onde o homem trabalhava. Uma pedra acabou atingindo a v\u00edtima. <\/p>\n\n\n\n<p>O oper\u00e1rio foi socorrido por uma ambul\u00e2ncia do Corpo de Bombeiros e levado ao hospital. O funcion\u00e1rio foi atingido na perna, foi atendido, e foi liberado ainda nesta manh\u00e3. J\u00e1 o condutor do Focus, n\u00e3o sofreu ferimentos.<\/p>\n\n\n\n<p>Este \u00e9 o segundo acidente de tr\u00e2nsito registrado no mesmo local nesta semana. <a href=\"https:\/\/radiosolaris.com.br\/beta\/mulher-fica-ferida-em-acidente-na-ers-122-entre-caxias-e-flores-da-cunha\" target=\"_blank\" rel=\"noreferrer noopener\">Na \u00faltima quarta-feira (10), uma colis\u00e3o envolvendo uma Toyota Hillux e um Chevrolet Celta foi registrada no final da tarde<\/a>. Na ocasi\u00e3o, uma mulher tamb\u00e9m ficou ferida.<\/p>\n\n\n\n<figure class=\"wp-block-gallery has-nested-images columns-1 is-cropped wp-block-gallery-1 is-layout-flex wp-block-gallery-is-layout-flex\">\n<figure class=\"wp-block-image size-large\"><a href=\"https:\/\/radiosolaris.com.br\/beta\/wp-content\/uploads\/2022\/08\/Homem-que-trabalhava-em-obra-na-ERS-122-fica-gravemente-ferido-apos-ser-atingido-por-veiculo-em-Caxias-do-Sul-4.jpeg\"><img  loading=\"lazy\"  decoding=\"async\"  width=\"1024\"  height=\"768\"  data-id=\"85960\"  src=\"data:image\/png;base64,iVBORw0KGgoAAAANSUhEUgAAAAEAAAABAQMAAAAl21bKAAAAA1BMVEUAAP+KeNJXAAAAAXRSTlMAQObYZgAAAAlwSFlzAAAOxAAADsQBlSsOGwAAAApJREFUCNdjYAAAAAIAAeIhvDMAAAAASUVORK5CYII=\"  alt=\"\"  class=\"wp-image-85960 pk-lazyload\"  data-pk-sizes=\"auto\"  data-ls-sizes=\"auto, (max-width: 1024px) 100vw, 1024px\"  data-pk-src=\"https:\/\/radiosolaris.com.br\/beta\/wp-content\/uploads\/2022\/08\/Homem-que-trabalhava-em-obra-na-ERS-122-fica-gravemente-ferido-apos-ser-atingido-por-veiculo-em-Caxias-do-Sul-4-1024x768.jpeg\"  data-pk-srcset=\"https:\/\/radiosolaris.com.br\/beta\/wp-content\/uploads\/2022\/08\/Homem-que-trabalhava-em-obra-na-ERS-122-fica-gravemente-ferido-apos-ser-atingido-por-veiculo-em-Caxias-do-Sul-4-1024x768.jpeg 1024w, https:\/\/radiosolaris.com.br\/beta\/wp-content\/uploads\/2022\/08\/Homem-que-trabalhava-em-obra-na-ERS-122-fica-gravemente-ferido-apos-ser-atingido-por-veiculo-em-Caxias-do-Sul-4-300x225.jpeg 300w, https:\/\/radiosolaris.com.br\/beta\/wp-content\/uploads\/2022\/08\/Homem-que-trabalhava-em-obra-na-ERS-122-fica-gravemente-ferido-apos-ser-atingido-por-veiculo-em-Caxias-do-Sul-4-768x576.jpeg 768w, https:\/\/radiosolaris.com.br\/beta\/wp-content\/uploads\/2022\/08\/Homem-que-trabalhava-em-obra-na-ERS-122-fica-gravemente-ferido-apos-ser-atingido-por-veiculo-em-Caxias-do-Sul-4.jpeg 1280w\" ><\/a><\/figure>\n\n\n\n<figure class=\"wp-block-image size-large\"><a href=\"https:\/\/radiosolaris.com.br\/beta\/wp-content\/uploads\/2022\/08\/Homem-que-trabalhava-em-obra-na-ERS-122-fica-gravemente-ferido-apos-ser-atingido-por-veiculo-em-Caxias-do-Sul-3.jpeg\"><img  decoding=\"async\"  data-id=\"85961\"  src=\"data:image\/png;base64,iVBORw0KGgoAAAANSUhEUgAAAAEAAAABAQMAAAAl21bKAAAAA1BMVEUAAP+KeNJXAAAAAXRSTlMAQObYZgAAAAlwSFlzAAAOxAAADsQBlSsOGwAAAApJREFUCNdjYAAAAAIAAeIhvDMAAAAASUVORK5CYII=\"  alt=\"\"  class=\"wp-image-85961 pk-lazyload\"  data-pk-sizes=\"auto\"  data-pk-src=\"https:\/\/radiosolaris.com.br\/beta\/wp-content\/uploads\/2022\/08\/Homem-que-trabalhava-em-obra-na-ERS-122-fica-gravemente-ferido-apos-ser-atingido-por-veiculo-em-Caxias-do-Sul-3-1024x768.jpeg\" ><\/a><\/figure>\n\n\n\n<figure class=\"wp-block-image size-large\"><a href=\"https:\/\/radiosolaris.com.br\/beta\/wp-content\/uploads\/2022\/08\/Homem-que-trabalhava-em-obra-na-ERS-122-fica-gravemente-ferido-apos-ser-atingido-por-veiculo-em-Caxias-do-Sul-2.jpeg\"><img  decoding=\"async\"  data-id=\"85962\"  src=\"data:image\/png;base64,iVBORw0KGgoAAAANSUhEUgAAAAEAAAABAQMAAAAl21bKAAAAA1BMVEUAAP+KeNJXAAAAAXRSTlMAQObYZgAAAAlwSFlzAAAOxAAADsQBlSsOGwAAAApJREFUCNdjYAAAAAIAAeIhvDMAAAAASUVORK5CYII=\"  alt=\"\"  class=\"wp-image-85962 pk-lazyload\"  data-pk-sizes=\"auto\"  data-pk-src=\"https:\/\/radiosolaris.com.br\/beta\/wp-content\/uploads\/2022\/08\/Homem-que-trabalhava-em-obra-na-ERS-122-fica-gravemente-ferido-apos-ser-atingido-por-veiculo-em-Caxias-do-Sul-2-1024x768.jpeg\" ><\/a><\/figure>\n\n\n\n<figure class=\"wp-block-image size-large\"><a href=\"https:\/\/radiosolaris.com.br\/beta\/wp-content\/uploads\/2022\/08\/Homem-que-trabalhava-em-obra-na-ERS-122-fica-gravemente-ferido-apos-ser-atingido-por-veiculo-em-Caxias-do-Sul-1.jpeg\"><img  loading=\"lazy\"  decoding=\"async\"  width=\"1024\"  height=\"768\"  data-id=\"85963\"  src=\"data:image\/png;base64,iVBORw0KGgoAAAANSUhEUgAAAAEAAAABAQMAAAAl21bKAAAAA1BMVEUAAP+KeNJXAAAAAXRSTlMAQObYZgAAAAlwSFlzAAAOxAAADsQBlSsOGwAAAApJREFUCNdjYAAAAAIAAeIhvDMAAAAASUVORK5CYII=\"  alt=\"\"  class=\"wp-image-85963 pk-lazyload\"  data-pk-sizes=\"auto\"  data-ls-sizes=\"auto, (max-width: 1024px) 100vw, 1024px\"  data-pk-src=\"https:\/\/radiosolaris.com.br\/beta\/wp-content\/uploads\/2022\/08\/Homem-que-trabalhava-em-obra-na-ERS-122-fica-gravemente-ferido-apos-ser-atingido-por-veiculo-em-Caxias-do-Sul-1-1024x768.jpeg\"  data-pk-srcset=\"https:\/\/radiosolaris.com.br\/beta\/wp-content\/uploads\/2022\/08\/Homem-que-trabalhava-em-obra-na-ERS-122-fica-gravemente-ferido-apos-ser-atingido-por-veiculo-em-Caxias-do-Sul-1-1024x768.jpeg 1024w, https:\/\/radiosolaris.com.br\/beta\/wp-content\/uploads\/2022\/08\/Homem-que-trabalhava-em-obra-na-ERS-122-fica-gravemente-ferido-apos-ser-atingido-por-veiculo-em-Caxias-do-Sul-1-300x225.jpeg 300w, https:\/\/radiosolaris.com.br\/beta\/wp-content\/uploads\/2022\/08\/Homem-que-trabalhava-em-obra-na-ERS-122-fica-gravemente-ferido-apos-ser-atingido-por-veiculo-em-Caxias-do-Sul-1-768x576.jpeg 768w, https:\/\/radiosolaris.com.br\/beta\/wp-content\/uploads\/2022\/08\/Homem-que-trabalhava-em-obra-na-ERS-122-fica-gravemente-ferido-apos-ser-atingido-por-veiculo-em-Caxias-do-Sul-1.jpeg 1280w\" ><\/a><\/figure>\n<figcaption class=\"blocks-gallery-caption\">Fotos: Luciano Pettorini\/ Grupo Solaris<\/figcaption><\/figure>\n","protected":false},"excerpt":{"rendered":"<p>Acidente aconteceu na manh\u00e3 desta sexta (11), na constru\u00e7\u00e3o da al\u00e7a de acesso para a Rota do Sol **CORRE\u00c7\u00c3O: Diferentemente do que foi publicando entre 9h52min e 11h32min, n\u00e3o foi&hellip;<\/p>\n","protected":false},"author":13,"featured_media":85962,"comment_status":"closed","ping_status":"closed","sticky":false,"template":"","format":"standard","meta":{"_lmt_disableupdate":"","_lmt_disable":"","footnotes":""},"categories":[83],"tags":[307,13253,148,578,522,114,2626,992,283,351],"powerkit_post_featured":[],"class_list":{"0":"post-85958","1":"post","2":"type-post","3":"status-publish","4":"format-standard","5":"has-post-thumbnail","7":"category-serra-gaucha","8":"tag-acidente","9":"tag-alca-de-acesso-rota-do-sol","10":"tag-caxias-do-sul","11":"tag-colisao","12":"tag-ers-122-2","13":"tag-flores-da-cunha","14":"tag-rsc-453","15":"tag-serra","16":"tag-serra-gaucha","17":"tag-transito"},"modified_by":"Filipe Brogliatto","_links":{"self":[{"href":"https:\/\/radiosolaris.com.br\/beta\/wp-json\/wp\/v2\/posts\/85958","targetHints":{"allow":["GET"]}}],"collection":[{"href":"https:\/\/radiosolaris.com.br\/beta\/wp-json\/wp\/v2\/posts"}],"about":[{"href":"https:\/\/radiosolaris.com.br\/beta\/wp-json\/wp\/v2\/types\/post"}],"author":[{"embeddable":true,"href":"https:\/\/radiosolaris.com.br\/beta\/wp-json\/wp\/v2\/users\/13"}],"replies":[{"embeddable":true,"href":"https:\/\/radiosolaris.com.br\/beta\/wp-json\/wp\/v2\/comments?post=85958"}],"version-history":[{"count":0,"href":"https:\/\/radiosolaris.com.br\/beta\/wp-json\/wp\/v2\/posts\/85958\/revisions"}],"wp:featuredmedia":[{"embeddable":true,"href":"https:\/\/radiosolaris.com.br\/beta\/wp-json\/wp\/v2\/media\/85962"}],"wp:attachment":[{"href":"https:\/\/radiosolaris.com.br\/beta\/wp-json\/wp\/v2\/media?parent=85958"}],"wp:term":[{"taxonomy":"category","embeddable":true,"href":"https:\/\/radiosolaris.com.br\/beta\/wp-json\/wp\/v2\/categories?post=85958"},{"taxonomy":"post_tag","embeddable":true,"href":"https:\/\/radiosolaris.com.br\/beta\/wp-json\/wp\/v2\/tags?post=85958"},{"taxonomy":"powerkit_post_featured","embeddable":true,"href":"https:\/\/radiosolaris.com.br\/beta\/wp-json\/wp\/v2\/powerkit_post_featured?post=85958"}],"curies":[{"name":"wp","href":"https:\/\/api.w.org\/{rel}","templated":true}]}}