{"id":85813,"date":"2022-08-11T07:34:09","date_gmt":"2022-08-11T10:34:09","guid":{"rendered":"https:\/\/radiosolaris.com.br\/beta\/?p=85813"},"modified":"2022-08-11T07:34:12","modified_gmt":"2022-08-11T10:34:12","slug":"um-homem-foi-preso-e-um-menor-foi-apreendido-por-posse-ilegal-de-arma-de-fogo-e-trafico-de-drogas-em-caxias-do-sul","status":"publish","type":"post","link":"https:\/\/radiosolaris.com.br\/beta\/um-homem-foi-preso-e-um-menor-foi-apreendido-por-posse-ilegal-de-arma-de-fogo-e-trafico-de-drogas-em-caxias-do-sul\/","title":{"rendered":"Um homem foi preso e um menor foi apreendido por posse ilegal de arma de fogo e tr\u00e1fico de drogas em Caxias do Sul"},"content":{"rendered":"\n<p><\/p>\n\n\n\n<p>Um homem foi preso e um menor foi apreendido pela Brigada Militar por posse ilegal de arma de fogo, tr\u00e1fico de entorpecentes e associa\u00e7\u00e3o ao tr\u00e1fico na tarde desta quarta-feira (10) em Caxias do Sul.<\/p>\n\n\n\n<p>A pris\u00e3o ocorreu por volta das 16h40min na rua Natal Idalino Fadanelli no bairro Planalto, quando policiais da For\u00e7a T\u00e1tica do 12\u00b0BPM tiverem conhecimento de uma briga generalizada. No local foram apreendidos um rev\u00f3lver calibre.38, uma pistola calibre.380, 47 muni\u00e7\u00f5es, dois coletes bal\u00edsticos, grande quantidade de drogas, uma balan\u00e7a de precis\u00e3o e dois r\u00e1dios comunicadores com um homem e um adolescente.<\/p>\n\n\n\n<p>Diante dos fatos, a dupla foi conduzida para a Delegacia da Pol\u00edcia Civil para o registro da ocorr\u00eancia.<\/p>\n\n\n\n<p><\/p>\n\n\n\n<figure class=\"wp-block-image size-large\"><img  decoding=\"async\"  src=\"data:image\/png;base64,iVBORw0KGgoAAAANSUhEUgAABIgAAANmAQMAAACrCyL8AAAAA1BMVEUAAP+KeNJXAAAAAXRSTlMAQObYZgAAAAlwSFlzAAAOxAAADsQBlSsOGwAAAJJJREFUeNrtwTEBAAAAwqD1T20JT6AAAAAAAAAAAAAAAAAAAAAAAAAAAAAAAAAAAAAAAAAAAAAAAAAAAAAAAAAAAAAAAAAAAAAAAAAAAAAAAAAAAAAAAAAAAAAAAAAAAAAAAAAAAAAAAAAAAAAAAAAAAAAAAAAAAAAAAAAAAAAAAAAAAAAAAAAAAAAAAAAAAAD+BvA7AAGTZkFsAAAAAElFTkSuQmCC\"  alt=\"\"  class=\"wp-image-85814 pk-lazyload\"  data-pk-sizes=\"auto\"  data-pk-src=\"https:\/\/radiosolaris.com.br\/beta\/wp-content\/uploads\/2022\/08\/WhatsApp-Image-2022-08-10-at-21.45.05-1024x768.jpeg\" ><figcaption>Foto: Brigada Militar<\/figcaption><\/figure>\n","protected":false},"excerpt":{"rendered":"<p>Um homem foi preso e um menor foi apreendido pela Brigada Militar por posse ilegal de arma de fogo, tr\u00e1fico de entorpecentes e associa\u00e7\u00e3o ao tr\u00e1fico na tarde desta quarta-feira&hellip;<\/p>\n","protected":false},"author":19,"featured_media":85814,"comment_status":"closed","ping_status":"closed","sticky":false,"template":"","format":"standard","meta":{"_lmt_disableupdate":"","_lmt_disable":"","footnotes":""},"categories":[83],"tags":[859,1503,247,148,303,283],"powerkit_post_featured":[],"class_list":{"0":"post-85813","1":"post","2":"type-post","3":"status-publish","4":"format-standard","5":"has-post-thumbnail","7":"category-serra-gaucha","8":"tag-apreensao","9":"tag-armas-2","10":"tag-brigada-militar","11":"tag-caxias-do-sul","12":"tag-prisao","13":"tag-serra-gaucha"},"modified_by":"Luciano Pettorini","_links":{"self":[{"href":"https:\/\/radiosolaris.com.br\/beta\/wp-json\/wp\/v2\/posts\/85813","targetHints":{"allow":["GET"]}}],"collection":[{"href":"https:\/\/radiosolaris.com.br\/beta\/wp-json\/wp\/v2\/posts"}],"about":[{"href":"https:\/\/radiosolaris.com.br\/beta\/wp-json\/wp\/v2\/types\/post"}],"author":[{"embeddable":true,"href":"https:\/\/radiosolaris.com.br\/beta\/wp-json\/wp\/v2\/users\/19"}],"replies":[{"embeddable":true,"href":"https:\/\/radiosolaris.com.br\/beta\/wp-json\/wp\/v2\/comments?post=85813"}],"version-history":[{"count":0,"href":"https:\/\/radiosolaris.com.br\/beta\/wp-json\/wp\/v2\/posts\/85813\/revisions"}],"wp:featuredmedia":[{"embeddable":true,"href":"https:\/\/radiosolaris.com.br\/beta\/wp-json\/wp\/v2\/media\/85814"}],"wp:attachment":[{"href":"https:\/\/radiosolaris.com.br\/beta\/wp-json\/wp\/v2\/media?parent=85813"}],"wp:term":[{"taxonomy":"category","embeddable":true,"href":"https:\/\/radiosolaris.com.br\/beta\/wp-json\/wp\/v2\/categories?post=85813"},{"taxonomy":"post_tag","embeddable":true,"href":"https:\/\/radiosolaris.com.br\/beta\/wp-json\/wp\/v2\/tags?post=85813"},{"taxonomy":"powerkit_post_featured","embeddable":true,"href":"https:\/\/radiosolaris.com.br\/beta\/wp-json\/wp\/v2\/powerkit_post_featured?post=85813"}],"curies":[{"name":"wp","href":"https:\/\/api.w.org\/{rel}","templated":true}]}}