{"id":85721,"date":"2022-08-09T15:08:40","date_gmt":"2022-08-09T18:08:40","guid":{"rendered":"https:\/\/radiosolaris.com.br\/beta\/?p=85721"},"modified":"2022-08-09T15:08:43","modified_gmt":"2022-08-09T18:08:43","slug":"membros-do-instituto-de-estudos-empresariais-visitam-a-serra-gaucha","status":"publish","type":"post","link":"https:\/\/radiosolaris.com.br\/beta\/membros-do-instituto-de-estudos-empresariais-visitam-a-serra-gaucha\/","title":{"rendered":"Membros do Instituto de Estudos Empresariais visitam a Serra ga\u00facha"},"content":{"rendered":"\n<h4 id=\"o-grupo-de-jovens-empresarios-realizou-visitas-nas-empresas-tramontina-e-florense-e-realizou-seu-seminario-de-inverno-em-flores-da-cunha\" class=\"wp-block-heading\">O grupo de jovens empres\u00e1rios realizou visitas nas empresas Tramontina e Florense e realizou seu semin\u00e1rio de inverno em Flores da Cunha<\/h4>\n\n\n\n<p>Atrav\u00e9s de visitas t\u00e9cnicas em grandes empresas da Serra ga\u00facha e de um semin\u00e1rio, os jovens empres\u00e1rios do Instituto de Estudos Empresariais (IEE), colheram o fruto do aprendizado e do crescimento pessoal e profissional. O grupo, que re\u00fane empres\u00e1rios de 35 anos, esteve em Carlos Barbosa na \u00faltima sexta (5) e em Flores da Cunha no s\u00e1bado (6).<\/p>\n\n\n\n<p>Em Carlos Barbosa, o grupo visitou a empresa Tramontina, onde foram recebidos pelo presidente da empresa, Cl\u00f3vis Tramontina. J\u00e1 em Flores da Cunha, foram recebidos pelo CEO da Florense, Mateus Corradi, onde tamb\u00e9m visitaram as instala\u00e7\u00f5es da f\u00e1brica de m\u00f3veis e tiveram momentos importantes de troca de experi\u00eancia.<\/p>\n\n\n\n<p>A presidente do Instituto, Victoria Jardim, destaca que a escolha da regi\u00e3o para a realiza\u00e7\u00e3o do encontro teve um objetivo bastante espec\u00edfico: \u201ca gente sabe que grande parte da for\u00e7a do empres\u00e1rio Ga\u00facho ele est\u00e1 na Serra, ele est\u00e1 no interior. Ent\u00e3o a inevit\u00e1vel que se a gente quiser conhecer as fortalezas do nosso Estado a gente tenha que viajar um pouquinho e vir aqui conhecer\u201d, afirma ela.<\/p>\n\n\n\n<p>A jovem empres\u00e1ria recorda ainda que \u201c\u00e9 incr\u00edvel ver como a Serra se desenvolveu. Realmente tanto as empresas que a gente passou s\u00e3o de primeira linha primeir\u00edssima linha. Ent\u00e3o acho que essas visitas s\u00e3o fonte de inspira\u00e7\u00e3o para a gente levar para os nossos neg\u00f3cios essa cultura de excel\u00eancia\u201d, completa a presidente do IEE.<\/p>\n\n\n\n<figure class=\"wp-block-gallery has-nested-images columns-1 is-cropped wp-block-gallery-1 is-layout-flex wp-block-gallery-is-layout-flex\">\n<figure class=\"wp-block-image size-large\"><a href=\"https:\/\/radiosolaris.com.br\/beta\/wp-content\/uploads\/2022\/08\/Membros-do-Instituto-de-Estudos-Empresariais-visitam-a-Serra-gaucha-1.jpeg\"><img  loading=\"lazy\"  decoding=\"async\"  width=\"1024\"  height=\"507\"  data-id=\"85722\"  src=\"data:image\/png;base64,iVBORw0KGgoAAAANSUhEUgAAAAEAAAABAQMAAAAl21bKAAAAA1BMVEUAAP+KeNJXAAAAAXRSTlMAQObYZgAAAAlwSFlzAAAOxAAADsQBlSsOGwAAAApJREFUCNdjYAAAAAIAAeIhvDMAAAAASUVORK5CYII=\"  alt=\"\"  class=\"wp-image-85722 pk-lazyload\"  data-pk-sizes=\"auto\"  data-ls-sizes=\"auto, (max-width: 1024px) 100vw, 1024px\"  data-pk-src=\"https:\/\/radiosolaris.com.br\/beta\/wp-content\/uploads\/2022\/08\/Membros-do-Instituto-de-Estudos-Empresariais-visitam-a-Serra-gaucha-1.jpeg\"  data-pk-srcset=\"https:\/\/radiosolaris.com.br\/beta\/wp-content\/uploads\/2022\/08\/Membros-do-Instituto-de-Estudos-Empresariais-visitam-a-Serra-gaucha-1.jpeg 1024w, https:\/\/radiosolaris.com.br\/beta\/wp-content\/uploads\/2022\/08\/Membros-do-Instituto-de-Estudos-Empresariais-visitam-a-Serra-gaucha-1-300x149.jpeg 300w, https:\/\/radiosolaris.com.br\/beta\/wp-content\/uploads\/2022\/08\/Membros-do-Instituto-de-Estudos-Empresariais-visitam-a-Serra-gaucha-1-768x380.jpeg 768w\" ><\/a><\/figure>\n\n\n\n<figure class=\"wp-block-image size-large\"><a href=\"https:\/\/radiosolaris.com.br\/beta\/wp-content\/uploads\/2022\/08\/Membros-do-Instituto-de-Estudos-Empresariais-visitam-a-Serra-gaucha-2.jpeg\"><img  loading=\"lazy\"  decoding=\"async\"  width=\"1024\"  height=\"726\"  data-id=\"85723\"  src=\"data:image\/png;base64,iVBORw0KGgoAAAANSUhEUgAAAAEAAAABAQMAAAAl21bKAAAAA1BMVEUAAP+KeNJXAAAAAXRSTlMAQObYZgAAAAlwSFlzAAAOxAAADsQBlSsOGwAAAApJREFUCNdjYAAAAAIAAeIhvDMAAAAASUVORK5CYII=\"  alt=\"\"  class=\"wp-image-85723 pk-lazyload\"  data-pk-sizes=\"auto\"  data-ls-sizes=\"auto, (max-width: 1024px) 100vw, 1024px\"  data-pk-src=\"https:\/\/radiosolaris.com.br\/beta\/wp-content\/uploads\/2022\/08\/Membros-do-Instituto-de-Estudos-Empresariais-visitam-a-Serra-gaucha-2.jpeg\"  data-pk-srcset=\"https:\/\/radiosolaris.com.br\/beta\/wp-content\/uploads\/2022\/08\/Membros-do-Instituto-de-Estudos-Empresariais-visitam-a-Serra-gaucha-2.jpeg 1024w, https:\/\/radiosolaris.com.br\/beta\/wp-content\/uploads\/2022\/08\/Membros-do-Instituto-de-Estudos-Empresariais-visitam-a-Serra-gaucha-2-300x213.jpeg 300w, https:\/\/radiosolaris.com.br\/beta\/wp-content\/uploads\/2022\/08\/Membros-do-Instituto-de-Estudos-Empresariais-visitam-a-Serra-gaucha-2-768x545.jpeg 768w, https:\/\/radiosolaris.com.br\/beta\/wp-content\/uploads\/2022\/08\/Membros-do-Instituto-de-Estudos-Empresariais-visitam-a-Serra-gaucha-2-800x567.jpeg 800w\" ><\/a><\/figure>\n<figcaption class=\"blocks-gallery-caption\">Fotos: Divulga\u00e7\u00e3o\/ IEE<\/figcaption><\/figure>\n\n\n\n<p><strong>SOBRE O INSTITUTO DE ESTUDOS EMPRESARIAIS<br><\/strong>Com 38 anos de hist\u00f3ria, \u00e9 reconhecido pelo incentivo e prepara\u00e7\u00e3o de novas lideran\u00e7as, com base nos conceitos de economia de mercado e livre iniciativa, sendo uma das principais atribui\u00e7\u00f5es a forma\u00e7\u00e3o de lideran\u00e7as com capacidade empreendedora. Aproximadamente 1.000 empreendedores j\u00e1 passaram pelo ciclo de forma\u00e7\u00e3o que engloba atividades como jantar-debates, semin\u00e1rios, estudo de livro, j\u00faris simulados, visitas t\u00e9cnicas, viagens internacionais e projetos de impacto social. Atualmente, o Instituto promove cerca de 70 eventos anualmente e possui mais de 200 membros, entre Associados Efetivos e Honor\u00e1rios.<\/p>\n","protected":false},"excerpt":{"rendered":"<p>O grupo de jovens empres\u00e1rios realizou visitas nas empresas Tramontina e Florense e realizou seu semin\u00e1rio de inverno em Flores da Cunha Atrav\u00e9s de visitas t\u00e9cnicas em grandes empresas da&hellip;<\/p>\n","protected":false},"author":13,"featured_media":85723,"comment_status":"closed","ping_status":"closed","sticky":false,"template":"","format":"standard","meta":{"_lmt_disableupdate":"","_lmt_disable":"","footnotes":""},"categories":[83],"tags":[638,10662,8072,114,13170,13169,135,992,283,13168],"powerkit_post_featured":[],"class_list":{"0":"post-85721","1":"post","2":"type-post","3":"status-publish","4":"format-standard","5":"has-post-thumbnail","7":"category-serra-gaucha","8":"tag-carlos-barbosa","9":"tag-fabrica-de-moveis-florense","10":"tag-florense","11":"tag-flores-da-cunha","12":"tag-iee","13":"tag-instituto-de-estudos-empresariais","14":"tag-rio-grande-do-sul","15":"tag-serra","16":"tag-serra-gaucha","17":"tag-tramontina"},"modified_by":"Filipe Brogliatto","_links":{"self":[{"href":"https:\/\/radiosolaris.com.br\/beta\/wp-json\/wp\/v2\/posts\/85721","targetHints":{"allow":["GET"]}}],"collection":[{"href":"https:\/\/radiosolaris.com.br\/beta\/wp-json\/wp\/v2\/posts"}],"about":[{"href":"https:\/\/radiosolaris.com.br\/beta\/wp-json\/wp\/v2\/types\/post"}],"author":[{"embeddable":true,"href":"https:\/\/radiosolaris.com.br\/beta\/wp-json\/wp\/v2\/users\/13"}],"replies":[{"embeddable":true,"href":"https:\/\/radiosolaris.com.br\/beta\/wp-json\/wp\/v2\/comments?post=85721"}],"version-history":[{"count":0,"href":"https:\/\/radiosolaris.com.br\/beta\/wp-json\/wp\/v2\/posts\/85721\/revisions"}],"wp:featuredmedia":[{"embeddable":true,"href":"https:\/\/radiosolaris.com.br\/beta\/wp-json\/wp\/v2\/media\/85723"}],"wp:attachment":[{"href":"https:\/\/radiosolaris.com.br\/beta\/wp-json\/wp\/v2\/media?parent=85721"}],"wp:term":[{"taxonomy":"category","embeddable":true,"href":"https:\/\/radiosolaris.com.br\/beta\/wp-json\/wp\/v2\/categories?post=85721"},{"taxonomy":"post_tag","embeddable":true,"href":"https:\/\/radiosolaris.com.br\/beta\/wp-json\/wp\/v2\/tags?post=85721"},{"taxonomy":"powerkit_post_featured","embeddable":true,"href":"https:\/\/radiosolaris.com.br\/beta\/wp-json\/wp\/v2\/powerkit_post_featured?post=85721"}],"curies":[{"name":"wp","href":"https:\/\/api.w.org\/{rel}","templated":true}]}}