{"id":85720,"date":"2022-08-09T16:32:52","date_gmt":"2022-08-09T19:32:52","guid":{"rendered":"https:\/\/radiosolaris.com.br\/beta\/?p=85720"},"modified":"2022-08-09T16:32:54","modified_gmt":"2022-08-09T19:32:54","slug":"vendas-no-comercio-crescem-925-em-caxias-do-sul","status":"publish","type":"post","link":"https:\/\/radiosolaris.com.br\/beta\/vendas-no-comercio-crescem-925-em-caxias-do-sul\/","title":{"rendered":"Vendas no com\u00e9rcio crescem 9,25% em Caxias do Sul"},"content":{"rendered":"\n<h4 id=\"o-1o-semestre-de-2022-quebrou-uma-sequencia-de-dois-anos-de-saldos-negativos-durante-as-restricoes-da-pandemia\" class=\"wp-block-heading\">O 1\u00ba semestre de 2022 quebrou uma sequ\u00eancia de dois anos de saldos negativos, durante as restri\u00e7\u00f5es da pandemia<\/h4>\n\n\n\n<p>As vendas no com\u00e9rcio de Caxias do Sul cresceram 9,25% no 1\u00ba semestre de 2022. O \u00edndice ajudou a alavancar um leve\u00a0crescimento de 0,34% nos \u00faltimos 12 meses, quebrando a sequ\u00eancia de dois anos de saldos negativos, durante o per\u00edodo de restri\u00e7\u00f5es diante da pandemia. J\u00e1 na compara\u00e7\u00e3o com o m\u00eas de maio, que concentra a segunda data mais importante para o varejo, o Dia das M\u00e3es, o resultado foi de queda de 1,37%.<\/p>\n\n\n\n<p>As informa\u00e7\u00f5es do\u00a0Term\u00f4metro de Vendas\u00a0da CDL Caxias\u00a0foram\u00a0divulgadas\u00a0na tarde desta ter\u00e7a-feira (9), em coletiva de imprensa da entidade e da C\u00e2mara de Ind\u00fastria, Com\u00e9rcio e Servi\u00e7os de Caxias do Sul (CIC Caxias).<\/p>\n\n\n\n<p>O coordenador de Tecnologia Informa\u00e7\u00e3o e Inova\u00e7\u00e3o da CDL Caxias, Cleber Figueredo, deu \u00eanfase \u00e0 recupera\u00e7\u00e3o no acumulado dos \u00faltimos 12 meses e projetou um segundo semestre ainda melhor em rela\u00e7\u00e3o ao ano passado. \u00a0\u00a0\u00a0\u00a0\u00a0\u00a0\u00a0<br><br>\u201cOs n\u00fameros continuam apresentando desempenho positivo m\u00eas ap\u00f3s m\u00eas. Em junho tivemos o primeiro resultado positivo para o acumulado de 12 meses em mais de dois anos. Desta forma, fechamos o primeiro semestre de 2022 com excelentes expectativas para o restante do ano\u201d, sintetizou. \u00a0\u00a0\u00a0\u00a0\u00a0<br><br>Na mesma toada, o gerente Administrativo Financeiro da CDL Caxias,\u00a0Carlos Alberto Cervieri, se mostra otimista em rela\u00e7\u00e3o aos pr\u00f3ximos meses. O dirigente cita as comemora\u00e7\u00f5es do Dia das M\u00e3es e o Dia dos Namorados como exemplos de que o consumidor caxiense est\u00e1 disposto a investir mais, e planeja um bom resultado tamb\u00e9m para a data que celebra os pais, no pr\u00f3ximo domingo (14). \u00a0\u00a0<br><br>\u201cTodas as pesquisas de inten\u00e7\u00e3o de compras que a CDL Caxias tem realizado mostram crescimento nas vendas e no t\u00edquete m\u00e9dio, o que d\u00e1 embasamento para essas proje\u00e7\u00f5es de fecharmos o ano com saldo positivo. Para ajudar, ainda temos um inverno com baixas temperaturas e controle da pandemia que d\u00e1 uma seguran\u00e7a maior para o com\u00e9rcio trabalhar e os consumidores irem \u00e0s ruas\u201d, contextualiza Cervieri. \u00a0\u00a0\u00a0\u00a0\u00a0\u00a0\u00a0<br><br>Quanto ao cr\u00e9dito, o Term\u00f4metro de Vendas tamb\u00e9m apresentou n\u00fameros que mostram recupera\u00e7\u00e3o em rela\u00e7\u00e3o ao mesmo per\u00edodo do ano passado. O volume de consultas ao SPC foi 26,56% maior na compara\u00e7\u00e3o entre junho de 2022 e o mesmo per\u00edodo de 2021. J\u00e1 o n\u00famero de inadimplentes pode ser considerado est\u00e1vel, com leve aumento 0,16% na compara\u00e7\u00e3o com maio e de 1,57% em rela\u00e7\u00e3o ao mesmo per\u00edodo do ano anterior.<\/p>\n\n\n\n<figure class=\"wp-block-gallery has-nested-images columns-default is-cropped wp-block-gallery-1 is-layout-flex wp-block-gallery-is-layout-flex\">\n<figure class=\"wp-block-image size-large\"><img  loading=\"lazy\"  decoding=\"async\"  width=\"1024\"  height=\"768\"  data-id=\"85732\"  src=\"data:image\/png;base64,iVBORw0KGgoAAAANSUhEUgAAAAEAAAABAQMAAAAl21bKAAAAA1BMVEUAAP+KeNJXAAAAAXRSTlMAQObYZgAAAAlwSFlzAAAOxAAADsQBlSsOGwAAAApJREFUCNdjYAAAAAIAAeIhvDMAAAAASUVORK5CYII=\"  alt=\"\"  class=\"wp-image-85732 pk-lazyload\"  data-pk-sizes=\"auto\"  data-ls-sizes=\"auto, (max-width: 1024px) 100vw, 1024px\"  data-pk-src=\"https:\/\/radiosolaris.com.br\/beta\/wp-content\/uploads\/2022\/08\/Termometro-de-Vendas-Junho-1-Credito-Camila-Ruzzarin-1024x768.jpg\"  data-pk-srcset=\"https:\/\/radiosolaris.com.br\/beta\/wp-content\/uploads\/2022\/08\/Termometro-de-Vendas-Junho-1-Credito-Camila-Ruzzarin-1024x768.jpg 1024w, https:\/\/radiosolaris.com.br\/beta\/wp-content\/uploads\/2022\/08\/Termometro-de-Vendas-Junho-1-Credito-Camila-Ruzzarin-300x225.jpg 300w, https:\/\/radiosolaris.com.br\/beta\/wp-content\/uploads\/2022\/08\/Termometro-de-Vendas-Junho-1-Credito-Camila-Ruzzarin-768x576.jpg 768w, https:\/\/radiosolaris.com.br\/beta\/wp-content\/uploads\/2022\/08\/Termometro-de-Vendas-Junho-1-Credito-Camila-Ruzzarin.jpg 1280w\" ><\/figure>\n<figcaption class=\"blocks-gallery-caption\">M\u00eas que celebrou o Dia dos Namorados tamb\u00e9m marcou o retorno do crescimento no acumulado ap\u00f3s mais de dois anos de queda neste item\u00a0\u00a0\u00a0\u00a0\u00a0\u00a0<br>Foto: Camila Ruzzarin\/Divulga\u00e7\u00e3o<\/figcaption><\/figure>\n\n\n\n<p><strong>Ramos duro e mole mostram expans\u00e3o no semestre<\/strong><\/p>\n\n\n\n<p>Assim como no resultado geral, os ramos duro e mole apresentaram crescimento nos primeiros seis meses deste ano. O\u00a0ramo duro teve um incremento de 10,66%\u00a0no per\u00edodo, enquanto no\u00a0mole o resultado foi de alta de 4,33%.\u00a0\u00a0\u00a0\u00a0\u00a0\u00a0\u00a0\u00a0\u00a0\u00a0\u00a0<br><br>No comparativo com maio, o ramo duro apresentou queda de 2,04%. Em junho, o setor obteve desempenho positivo nos segmentos de Autom\u00f3veis, Caminh\u00f5es e Autope\u00e7as novos, com 1,75%; e Material de Constru\u00e7\u00e3o, com 0,68%. Enquanto as categorias que tiveram resultado negativo no m\u00eas foram Implementos Agr\u00edcolas, com -9,83%; Inform\u00e1tica e Telefonia, com -8,34%; Eletrodom\u00e9sticos, M\u00f3veis e Bazar, com -7,89%; Materiais El\u00e9tricos, com -2,92%; e \u00d3ticas, Joalherias e Relojoarias, com -0,74%.<\/p>\n\n\n\n<p>No ramo mole, a varia\u00e7\u00e3o entre junho e maio foi positiva, de 1,57%. O desempenho ficou positivo para os segmentos de Vestu\u00e1rio, Cal\u00e7ados e Tecidos, com 5,93%; e Produtos Qu\u00edmicos, com 4,35%. J\u00e1 o resultado negativo ficou para Farm\u00e1cias, com -5,95%; e Livraria, Papelaria e Brinquedos, com -4,91%.<\/p>\n","protected":false},"excerpt":{"rendered":"<p>O 1\u00ba semestre de 2022 quebrou uma sequ\u00eancia de dois anos de saldos negativos, durante as restri\u00e7\u00f5es da pandemia As vendas no com\u00e9rcio de Caxias do Sul cresceram 9,25% no&hellip;<\/p>\n","protected":false},"author":17,"featured_media":80434,"comment_status":"closed","ping_status":"closed","sticky":false,"template":"","format":"standard","meta":{"_lmt_disableupdate":"","_lmt_disable":"","footnotes":""},"categories":[1,83],"tags":[148,3043,12041,283,13176,13175],"powerkit_post_featured":[],"class_list":{"0":"post-85720","1":"post","2":"type-post","3":"status-publish","4":"format-standard","5":"has-post-thumbnail","7":"category-geral","8":"category-serra-gaucha","9":"tag-caxias-do-sul","10":"tag-cic-caxias","11":"tag-comercio-em-caxias-do-sul","12":"tag-serra-gaucha","13":"tag-termometro-de-vendas-da-cdl-caxias","14":"tag-vendas-no-comercio"},"modified_by":"Igor Panzenhagen","_links":{"self":[{"href":"https:\/\/radiosolaris.com.br\/beta\/wp-json\/wp\/v2\/posts\/85720","targetHints":{"allow":["GET"]}}],"collection":[{"href":"https:\/\/radiosolaris.com.br\/beta\/wp-json\/wp\/v2\/posts"}],"about":[{"href":"https:\/\/radiosolaris.com.br\/beta\/wp-json\/wp\/v2\/types\/post"}],"author":[{"embeddable":true,"href":"https:\/\/radiosolaris.com.br\/beta\/wp-json\/wp\/v2\/users\/17"}],"replies":[{"embeddable":true,"href":"https:\/\/radiosolaris.com.br\/beta\/wp-json\/wp\/v2\/comments?post=85720"}],"version-history":[{"count":0,"href":"https:\/\/radiosolaris.com.br\/beta\/wp-json\/wp\/v2\/posts\/85720\/revisions"}],"wp:featuredmedia":[{"embeddable":true,"href":"https:\/\/radiosolaris.com.br\/beta\/wp-json\/wp\/v2\/media\/80434"}],"wp:attachment":[{"href":"https:\/\/radiosolaris.com.br\/beta\/wp-json\/wp\/v2\/media?parent=85720"}],"wp:term":[{"taxonomy":"category","embeddable":true,"href":"https:\/\/radiosolaris.com.br\/beta\/wp-json\/wp\/v2\/categories?post=85720"},{"taxonomy":"post_tag","embeddable":true,"href":"https:\/\/radiosolaris.com.br\/beta\/wp-json\/wp\/v2\/tags?post=85720"},{"taxonomy":"powerkit_post_featured","embeddable":true,"href":"https:\/\/radiosolaris.com.br\/beta\/wp-json\/wp\/v2\/powerkit_post_featured?post=85720"}],"curies":[{"name":"wp","href":"https:\/\/api.w.org\/{rel}","templated":true}]}}