{"id":85707,"date":"2022-08-09T13:50:50","date_gmt":"2022-08-09T16:50:50","guid":{"rendered":"https:\/\/radiosolaris.com.br\/beta\/?p=85707"},"modified":"2022-08-09T13:50:53","modified_gmt":"2022-08-09T16:50:53","slug":"solaris-fm-99-1-transmite-a-missa-da-solenidade-de-santa-clara","status":"publish","type":"post","link":"https:\/\/radiosolaris.com.br\/beta\/solaris-fm-99-1-transmite-a-missa-da-solenidade-de-santa-clara\/","title":{"rendered":"Solaris FM 99.1 transmite a missa da Solenidade de Santa Clara"},"content":{"rendered":"\n<h4 id=\"celebracao-ocorre-na-quinta-feira-11-a-partir-das-19h30min-no-mosteiro-das-irmas-clarissas\" class=\"wp-block-heading\">Celebra\u00e7\u00e3o ocorre na quinta-feira (11), a partir das 19h30min, no Mosteiro das Irm\u00e3s Clarissas<\/h4>\n\n\n\n<p>A R\u00e1dio Solaris transmite, nesta quinta-feira (11), a <a href=\"https:\/\/radiosolaris.com.br\/beta\/irmas-clarissas-capuchinhas-de-flores-da-cunha-celebram-santa-clara-de-assis\/\" target=\"_blank\" rel=\"noreferrer noopener\">Missa da Solenidade de Santa Clara de Assis<\/a>. A celebra\u00e7\u00e3o, que ocorre a partir das 19h30min, na capela do Mosteiro Nossa Senhora do Brasil, das Irm\u00e3s Clarissas Capuchinhas, ser\u00e1 transmitida ao vivo, na Solaris 99.1 FM.<\/p>\n\n\n\n<p>Esta \u00e9 a primeira Festa de Santa Clara que ocorre com a presen\u00e7a do p\u00fablico desde o ano de 2019. A tradi\u00e7\u00e3o de 30 anos foi parcialmente suspensa nos \u00faltimos dois anos em virtude do cumprimento das restri\u00e7\u00f5es da pandemia e, agora \u00e9 retomada com entusiasmo pelas irm\u00e3s e a comunidade de Flores da Cunha. &nbsp;&nbsp;<\/p>\n\n\n\n<p>A missa, que tem como tema \u201cSanta Clara e n\u00f3s, na escuta da Palavra\u201d, ser\u00e1 presidida pelo Provincial dos Capuchinhos no Rio Grande do Sul, frei Nilmar Carlos Gatto. A anima\u00e7\u00e3o e liturgia fica a cargo das pr\u00f3prias Irm\u00e3s. Ao fim da missa, haver\u00e1 ben\u00e7\u00e3o e distribui\u00e7\u00e3o dos tradicionais p\u00e3ezinhos de Santa Clara.<\/p>\n\n\n\n<p>A distribui\u00e7\u00e3o dos p\u00e3es ocorre na sexta-feira (12), em hor\u00e1rio comercial (8h \u00e0s 12h e das 14h \u00e0s 18h), na Capela do mosteiro. Quem quiser contatar as irm\u00e3s ou fazer sua doa\u00e7\u00e3o, pode entrar em contato pelo (54) 3292-1414.<\/p>\n\n\n\n<p>A solenidade da padroeira das religiosas encerra um per\u00edodo de nove dias de missas abertas \u00e0 comunidade na capela do mosteiro. A novena <strong>(confira programa\u00e7\u00e3o abaixo)<\/strong>, que segue nesta ter\u00e7a (9) e quarta (10), com o oitavo e nono dia, re\u00fane fi\u00e9is e devotos da Santa e amigos e benfeitores das irm\u00e3s.<\/p>\n\n\n\n<p><strong>PROGRAMA\u00c7\u00c3O DA NOVENA<br>8\u00ba DIA: DIA 09 \u2013 TER\u00c7A-FEIRA<br><\/strong>Tema: O Reino do Pai se concretiza na fraternidade.<br>Presidente da assembleia: Padre Tiago Camazzato<br>Equipe de liturgia: Escoteiros<\/p>\n\n\n\n<p><strong>9\u00ba DIA: DIA 10 \u2013 QUARTA-FEIRA<br><\/strong>Tema: Apegar-se a vida \u00e9 permanecer s\u00f3, desapegar \u00e9 produzir frutos.<br>Presidente da assembleia: Frei Clair Zampieron<br>Equipe de liturgia: Cursilho<\/p>\n\n\n\n<p><strong>Dia 11 de Agosto Solenidade de Santa Clara<br><\/strong>Tema: Santa Clara e n\u00f3s, na escuta da Palavra<br>Presidente da assembleia: Frei Nilmar Carlos Gatto<br>Equipe de liturgia: Irm\u00e3s Clarissas Capuchinhas<\/p>\n","protected":false},"excerpt":{"rendered":"<p>Celebra\u00e7\u00e3o ocorre na quinta-feira (11), a partir das 19h30min, no Mosteiro das Irm\u00e3s Clarissas A R\u00e1dio Solaris transmite, nesta quinta-feira (11), a Missa da Solenidade de Santa Clara de Assis.&hellip;<\/p>\n","protected":false},"author":13,"featured_media":85709,"comment_status":"closed","ping_status":"closed","sticky":false,"template":"","format":"standard","meta":{"_lmt_disableupdate":"","_lmt_disable":"","footnotes":""},"categories":[83],"tags":[114,3621,3182,4376,4375,992,283,13165],"powerkit_post_featured":[],"class_list":{"0":"post-85707","1":"post","2":"type-post","3":"status-publish","4":"format-standard","5":"has-post-thumbnail","7":"category-serra-gaucha","8":"tag-flores-da-cunha","9":"tag-grupo-solaris-de-comunicacao","10":"tag-radio-solaris-fm-99-1","11":"tag-santa-clara","12":"tag-santa-clara-de-assis","13":"tag-serra","14":"tag-serra-gaucha","15":"tag-transmissao-da-missa"},"modified_by":"Filipe Brogliatto","_links":{"self":[{"href":"https:\/\/radiosolaris.com.br\/beta\/wp-json\/wp\/v2\/posts\/85707","targetHints":{"allow":["GET"]}}],"collection":[{"href":"https:\/\/radiosolaris.com.br\/beta\/wp-json\/wp\/v2\/posts"}],"about":[{"href":"https:\/\/radiosolaris.com.br\/beta\/wp-json\/wp\/v2\/types\/post"}],"author":[{"embeddable":true,"href":"https:\/\/radiosolaris.com.br\/beta\/wp-json\/wp\/v2\/users\/13"}],"replies":[{"embeddable":true,"href":"https:\/\/radiosolaris.com.br\/beta\/wp-json\/wp\/v2\/comments?post=85707"}],"version-history":[{"count":0,"href":"https:\/\/radiosolaris.com.br\/beta\/wp-json\/wp\/v2\/posts\/85707\/revisions"}],"wp:featuredmedia":[{"embeddable":true,"href":"https:\/\/radiosolaris.com.br\/beta\/wp-json\/wp\/v2\/media\/85709"}],"wp:attachment":[{"href":"https:\/\/radiosolaris.com.br\/beta\/wp-json\/wp\/v2\/media?parent=85707"}],"wp:term":[{"taxonomy":"category","embeddable":true,"href":"https:\/\/radiosolaris.com.br\/beta\/wp-json\/wp\/v2\/categories?post=85707"},{"taxonomy":"post_tag","embeddable":true,"href":"https:\/\/radiosolaris.com.br\/beta\/wp-json\/wp\/v2\/tags?post=85707"},{"taxonomy":"powerkit_post_featured","embeddable":true,"href":"https:\/\/radiosolaris.com.br\/beta\/wp-json\/wp\/v2\/powerkit_post_featured?post=85707"}],"curies":[{"name":"wp","href":"https:\/\/api.w.org\/{rel}","templated":true}]}}