{"id":85681,"date":"2022-08-09T09:10:43","date_gmt":"2022-08-09T12:10:43","guid":{"rendered":"https:\/\/radiosolaris.com.br\/beta\/?p=85681"},"modified":"2022-08-09T09:10:45","modified_gmt":"2022-08-09T12:10:45","slug":"18a-edicao-do-passaporte-da-leitura-e-lancada-em-caxias","status":"publish","type":"post","link":"https:\/\/radiosolaris.com.br\/beta\/18a-edicao-do-passaporte-da-leitura-e-lancada-em-caxias\/","title":{"rendered":"18\u00aa edi\u00e7\u00e3o do Passaporte da Leitura \u00e9 lan\u00e7ada em Caxias"},"content":{"rendered":"\n<h4 id=\"o-passaporte-da-leitura-retoma-os-encontros-presenciais-com-escritores-e-estudantes\" class=\"wp-block-heading\">O Passaporte da Leitura retoma os encontros presenciais com escritores e estudantes<\/h4>\n\n\n\n<p>A Biblioteca Parque, na Esta\u00e7\u00e3o F\u00e9rrea de Caxias do sul, foi palco para a apresenta\u00e7\u00e3o dos autores que ir\u00e3o trocar ideias com os alunos das escolas municipais da cidade. O lan\u00e7amento aconteceu nesta segunda-feira (8). Nesta edi\u00e7\u00e3o, participar\u00e3o 11 escritores, 44 escolas e ao todo ser\u00e3o distribu\u00eddos 984 livros. S\u00e3o eles: Alexandre Camanho, Aline Abreu, Cl\u00e9o Busatto, Cris Eich, Helena Gomes, Ernani Ss\u00f3, Odilon Moraes, Hel\u00f4 Bacichette, Milton C\u00e9lio de Oliveira Filho, Maria Am\u00e1lia Camargo e Rosane Pamplona. Neste ano, ap\u00f3s dois anos de a\u00e7\u00f5es virtuais em decorr\u00eancia da pandemia, haver\u00e1 atividades presenciais com alunos do munic\u00edpio durante a Feira do Livro em outubro, al\u00e9m de participarem de outras a\u00e7\u00f5es, como bate-papos, oficinas e palestras durante o evento.<\/p>\n\n\n\n<p>O prefeito Adil\u00f3 Didomenico salientou a import\u00e2ncia da leitura e o estimule de vida que os livros podem dar a todos que leem. \u201cLer \u00e9 viajar atrav\u00e9s do livro. \u00c9 conhecer o mundo. A leitura liberta o ser humano e precisamos incentivar cada vez mais as pessoas a lerem, assim como \u00e9 feito com o passaporte da leitura nas escolas\u201d, comentou o prefeito.<\/p>\n\n\n\n<p>A professora e escritora, Hel\u00f4 Bacichette, enfatizou a alegria de poder estar trocando ideias sobre sua obra para os alunos, que um dia foi professora. \u201c Eu s\u00f3 sou escritora pois fui e sou leitora, se n\u00e3o fosse a leitura a estimular a minha escrita hoje n\u00e3o estaria aqui falando para todos e aos alunos que terei imenso prazer em ouvir vossas considera\u00e7\u00f5es e entendimento sobre minha obra\u201d, comentou a escritora.<\/p>\n\n\n\n<p>O Passaporte da Leitura \u00e9 um dos mais consolidados projetos continuados de incentivo \u00e0 leitura no pa\u00eds. As escolas participantes receber\u00e3o sacolas com livros do autor. A partir de da\u00ed, essas hist\u00f3rias ser\u00e3o trabalhadas por professores, alunos e, sempre que poss\u00edvel, nas comunidades em que as institui\u00e7\u00f5es est\u00e3o inseridas. Ap\u00f3s o encerramento do projeto as escolas receber\u00e3o kits com livros de todos os escritores participantes, para que sejam incorporados as suas bibliotecas.<\/p>\n\n\n\n<p>Na oportunidade, os professores tamb\u00e9m tiveram a oportunidade de participar do workshop \u201cLiteratura e Anima\u00e7\u00e3o: Narrativas fant\u00e1sticas e seus signos\u201d com os escritores e ilustradores Gio e Doug.<br>Estavam presentes no lan\u00e7amento, a secretaria da Cultura Aline Zilli, a Patrona na Feira do Livro 2022, Maya Falks, o Amigo do Livro, D\u00e9cio Bombassaro e o vereador Lucas Caragnato.<\/p>\n\n\n\n<p><strong>Sobre o projeto:<\/strong><br>Criado em 2005, o projeto j\u00e1 envolveu mais de 177 mil estudantes; 213 autores, vindos de diferentes partes do Brasil; e distribuiu mais de 13 mil livros a cerca de 500 escolas e institui\u00e7\u00f5es. Em 2017 o projeto recebeu o pr\u00eamio Ages (Associa\u00e7\u00e3o Ga\u00facha de Escritores) na categoria \u201cmelhor a\u00e7\u00e3o de promo\u00e7\u00e3o da leitura\u201d.<\/p>\n\n\n\n<p>O Passaporte da Leitura \u00e9 uma realiza\u00e7\u00e3o da Diretoria do Livro, Literatura e Leitura da Secretaria Municipal da Cultura, por meio do Programa Permanente de Est\u00edmulo \u00e0 Leitura \u2013 PPEL.<\/p>\n\n\n\n<p>Acesse o link para conhecer os participantes dessa edi\u00e7\u00e3o: <a href=\"https:\/\/youtube.com\/playlist?list=PLe2tR4ysTE5bzOjdOF9FZHvl4PT2RFQH_\">https:\/\/youtube.com\/playlist?list=PLe2tR4ysTE5bzOjdOF9FZHvl4PT2RFQH_<\/a><\/p>\n\n\n\n<p><\/p>\n\n\n\n<figure class=\"wp-block-image size-large\"><img  decoding=\"async\"  src=\"data:image\/png;base64,iVBORw0KGgoAAAANSUhEUgAABIgAAAMEAQMAAADuN4ytAAAAA1BMVEUAAP+KeNJXAAAAAXRSTlMAQObYZgAAAAlwSFlzAAAOxAAADsQBlSsOGwAAAIRJREFUeNrtwQENAAAAwqD3T20PBxQAAAAAAAAAAAAAAAAAAAAAAAAAAAAAAAAAAAAAAAAAAAAAAAAAAAAAAAAAAAAAAAAAAAAAAAAAAAAAAAAAAAAAAAAAAAAAAAAAAAAAAAAAAAAAAAAAAAAAAAAAAAAAAAAAAAAAAAAAAAAAAADAtwG4VwABPcKv8wAAAABJRU5ErkJggg==\"  alt=\"\"  class=\"wp-image-85682 pk-lazyload\"  data-pk-sizes=\"auto\"  data-pk-src=\"https:\/\/radiosolaris.com.br\/beta\/wp-content\/uploads\/2022\/08\/Passaporte-da-Leitura-6557-08-de-agosto-de-2022-Joao-Pedro-Bressan-1024x682.jpg\" ><figcaption>Foto: Jo\u00e3o Pedro Bressan<\/figcaption><\/figure>\n","protected":false},"excerpt":{"rendered":"<p>O Passaporte da Leitura retoma os encontros presenciais com escritores e estudantes A Biblioteca Parque, na Esta\u00e7\u00e3o F\u00e9rrea de Caxias do sul, foi palco para a apresenta\u00e7\u00e3o dos autores que&hellip;<\/p>\n","protected":false},"author":19,"featured_media":85682,"comment_status":"closed","ping_status":"closed","sticky":false,"template":"","format":"standard","meta":{"_lmt_disableupdate":"","_lmt_disable":"","footnotes":""},"categories":[83],"tags":[148,472,852,13156,283],"powerkit_post_featured":[],"class_list":{"0":"post-85681","1":"post","2":"type-post","3":"status-publish","4":"format-standard","5":"has-post-thumbnail","7":"category-serra-gaucha","8":"tag-caxias-do-sul","9":"tag-feira-do-livro","10":"tag-lancamento","11":"tag-passaporte-da-leitura","12":"tag-serra-gaucha"},"modified_by":"Luciano Pettorini","_links":{"self":[{"href":"https:\/\/radiosolaris.com.br\/beta\/wp-json\/wp\/v2\/posts\/85681","targetHints":{"allow":["GET"]}}],"collection":[{"href":"https:\/\/radiosolaris.com.br\/beta\/wp-json\/wp\/v2\/posts"}],"about":[{"href":"https:\/\/radiosolaris.com.br\/beta\/wp-json\/wp\/v2\/types\/post"}],"author":[{"embeddable":true,"href":"https:\/\/radiosolaris.com.br\/beta\/wp-json\/wp\/v2\/users\/19"}],"replies":[{"embeddable":true,"href":"https:\/\/radiosolaris.com.br\/beta\/wp-json\/wp\/v2\/comments?post=85681"}],"version-history":[{"count":0,"href":"https:\/\/radiosolaris.com.br\/beta\/wp-json\/wp\/v2\/posts\/85681\/revisions"}],"wp:featuredmedia":[{"embeddable":true,"href":"https:\/\/radiosolaris.com.br\/beta\/wp-json\/wp\/v2\/media\/85682"}],"wp:attachment":[{"href":"https:\/\/radiosolaris.com.br\/beta\/wp-json\/wp\/v2\/media?parent=85681"}],"wp:term":[{"taxonomy":"category","embeddable":true,"href":"https:\/\/radiosolaris.com.br\/beta\/wp-json\/wp\/v2\/categories?post=85681"},{"taxonomy":"post_tag","embeddable":true,"href":"https:\/\/radiosolaris.com.br\/beta\/wp-json\/wp\/v2\/tags?post=85681"},{"taxonomy":"powerkit_post_featured","embeddable":true,"href":"https:\/\/radiosolaris.com.br\/beta\/wp-json\/wp\/v2\/powerkit_post_featured?post=85681"}],"curies":[{"name":"wp","href":"https:\/\/api.w.org\/{rel}","templated":true}]}}