{"id":85645,"date":"2022-08-08T17:29:56","date_gmt":"2022-08-08T20:29:56","guid":{"rendered":"https:\/\/radiosolaris.com.br\/beta\/?p=85645"},"modified":"2022-08-08T17:29:59","modified_gmt":"2022-08-08T20:29:59","slug":"educacao-no-brasil-nao-e-prioridade-afirma-diretor-do-sesc-e-senac-rs","status":"publish","type":"post","link":"https:\/\/radiosolaris.com.br\/beta\/educacao-no-brasil-nao-e-prioridade-afirma-diretor-do-sesc-e-senac-rs\/","title":{"rendered":"\u201cEduca\u00e7\u00e3o no Brasil n\u00e3o \u00e9 prioridade\u201d, afirma diretor do Sesc e Senac RS"},"content":{"rendered":"\n<h4 id=\"jose-paulo-da-rosa-palestrou-na-ra-cic-caxias-desta-segunda-feira-8\" class=\"wp-block-heading\">Jos\u00e9 Paulo da Rosa palestrou na RA CIC Caxias desta segunda-feira (8)<\/h4>\n\n\n\n<p>\u201cA educa\u00e7\u00e3o no Brasil n\u00e3o est\u00e1 bem. Todos os exames que testam o n\u00edvel de qualidade dos nossos estudantes demonstram que eles n\u00e3o se apropriam da matem\u00e1tica, do portugu\u00eas quando concluem o Ensino Fundamental e o Ensino M\u00e9dio. Nos testes mundiais como o Pisa (Programa Internacional de Avalia\u00e7\u00e3o de Alunos), por exemplo, a nossa posi\u00e7\u00e3o sempre \u00e9 ruim. Tudo isso demonstra que a educa\u00e7\u00e3o no Brasil n\u00e3o \u00e9 prioridade. Embora esteja no discurso, na pr\u00e1tica a gente n\u00e3o observa isso\u201d. A an\u00e1lise \u00e9 do diretor Regional do Sesc (Servi\u00e7o Social do Com\u00e9rcio) e Senac (Servi\u00e7o Nacional de Aprendizagem Comercial) no Rio Grande do Sul, Jos\u00e9 Paulo da Rosa, que nesta segunda-feira (8) palestrou na RA CIC sobre \u00e9tica, educa\u00e7\u00e3o e gest\u00e3o.<\/p>\n\n\n\n<p>De acordo com o palestrante, o mundo do trabalho tamb\u00e9m sofre as consequ\u00eancias desse descaso com a educa\u00e7\u00e3o. \u201cNo momento em que o Pa\u00eds cresce, que as empresas precisam contratar, faltam pessoas preparadas e qualificadas para atender a esta demanda\u201d, acrescentou.<\/p>\n\n\n\n<p>Em rela\u00e7\u00e3o \u00e0 \u00e9tica, Jo\u00e3o Paulo afirmou que se trata de um fundamento que precisa ser discutido, valorizado e trabalhado pela sociedade brasileira. \u201cSe n\u00e3o tivermos \u00e9tica, talvez a gente n\u00e3o tenha educa\u00e7\u00e3o. E sem \u00e9tica e sem educa\u00e7\u00e3o, n\u00f3s n\u00e3o temos uma gest\u00e3o de excel\u00eancia e n\u00e3o chegaremos aonde o Pa\u00eds precisa chegar\u201d, frisou.<\/p>\n\n\n\n<figure class=\"wp-block-gallery has-nested-images columns-default is-cropped wp-block-gallery-1 is-layout-flex wp-block-gallery-is-layout-flex\">\n<figure class=\"wp-block-image size-large\"><img  decoding=\"async\"  data-id=\"85647\"  src=\"data:image\/png;base64,iVBORw0KGgoAAAANSUhEUgAABIgAAAMEAQMAAADuN4ytAAAAA1BMVEUAAP+KeNJXAAAAAXRSTlMAQObYZgAAAAlwSFlzAAAOxAAADsQBlSsOGwAAAIRJREFUeNrtwQENAAAAwqD3T20PBxQAAAAAAAAAAAAAAAAAAAAAAAAAAAAAAAAAAAAAAAAAAAAAAAAAAAAAAAAAAAAAAAAAAAAAAAAAAAAAAAAAAAAAAAAAAAAAAAAAAAAAAAAAAAAAAAAAAAAAAAAAAAAAAAAAAAAAAAAAAAAAAADAtwG4VwABPcKv8wAAAABJRU5ErkJggg==\"  alt=\"\"  class=\"wp-image-85647 pk-lazyload\"  data-pk-sizes=\"auto\"  data-pk-src=\"https:\/\/radiosolaris.com.br\/beta\/wp-content\/uploads\/2022\/08\/OBJ_2695-1024x681.jpg\" ><\/figure>\n<\/figure>\n\n\n\n<p>O convidado citou pesquisas que fez na Cor\u00e9ia do Sul e Singapura, pa\u00edses que, segundo ele, al\u00e9m de priorizarem a educa\u00e7\u00e3o b\u00e1sica, valorizam muito a educa\u00e7\u00e3o profissional. \u201cA realidade desses pa\u00edses demonstra que em torno de 70% dos estudantes que est\u00e3o no Ensino M\u00e9dio fazem tamb\u00e9m qualifica\u00e7\u00e3o profissional. Ao contr\u00e1rio do Brasil, onde n\u00f3s temos cerca de 12% s\u00f3 desses estudantes fazendo qualifica\u00e7\u00e3o profissional\u201d, pontuou Jos\u00e9 Paulo da Rosa. Segundo ele, o Sistema S, especialmente Senac e Senai, possuem hoje estrutura, experi\u00eancia e proposta pedag\u00f3gica que podem contribuir para um grande projeto nacional que possibilite aumentar esses \u00edndices\u201d.<\/p>\n\n\n\n<p>A respeito dessa estrutura, Jos\u00e9 Paulo apresentou dados do Sesc e Senac no Rio Grande do Sul. O Sesc, por exemplo, possui 43 unidades operacionais em todo o estado, que administram 18 escolas de Educa\u00e7\u00e3o Infantil, al\u00e9m de empreendimentos e servi\u00e7os voltados para a sa\u00fade e lazer dos comerci\u00e1rios, totalizando mais de 379 mil clientes. J\u00e1 o Senac, engloba 35 escolas de educa\u00e7\u00e3o, sendo duas faculdades, uma escola EAD e 11 unidades de atendimento. Somente em cursos t\u00e9cnicos presencial e EAD, a entidade tem quase 78 mil alunos no estado. Na unidade Senac Caxias do Sul, dados de junho deste ano apontam cerca de 2.100 matr\u00edculas nas diferentes modalidades de educa\u00e7\u00e3o profissional.<\/p>\n\n\n\n<p>Jos\u00e9 Paulo da Rosa anunciou que para 2023, o Sesc em Caxias do Sul tamb\u00e9m passar\u00e1 a ofertar aos filhos dos comerci\u00e1rios escola gratuita e integral na modalidade de Educa\u00e7\u00e3o Infantil.<\/p>\n\n\n\n<p>Em sua sauda\u00e7\u00e3o, o presidente da C\u00e2mara de Ind\u00fastria, Com\u00e9rcio e Servi\u00e7os de Caxias do Sul (CIC Caxias), Celestino Oscar Loro, destacou a import\u00e2ncia do papel do Sistema S para a forma\u00e7\u00e3o integral e profissional dos jovens. Sugeriu maior aproxima\u00e7\u00e3o das entidades com as empresas, para que sejam melhor identificadas as car\u00eancias de qualifica\u00e7\u00e3o de m\u00e3o de obra no atual momento da economia.<\/p>\n\n\n\n<figure class=\"wp-block-gallery has-nested-images columns-default is-cropped wp-block-gallery-2 is-layout-flex wp-block-gallery-is-layout-flex\">\n<figure class=\"wp-block-image size-large\"><img  loading=\"lazy\"  decoding=\"async\"  width=\"1024\"  height=\"681\"  data-id=\"85646\"  src=\"data:image\/png;base64,iVBORw0KGgoAAAANSUhEUgAAAAEAAAABAQMAAAAl21bKAAAAA1BMVEUAAP+KeNJXAAAAAXRSTlMAQObYZgAAAAlwSFlzAAAOxAAADsQBlSsOGwAAAApJREFUCNdjYAAAAAIAAeIhvDMAAAAASUVORK5CYII=\"  alt=\"\"  class=\"wp-image-85646 pk-lazyload\"  data-pk-sizes=\"auto\"  data-ls-sizes=\"auto, (max-width: 1024px) 100vw, 1024px\"  data-pk-src=\"https:\/\/radiosolaris.com.br\/beta\/wp-content\/uploads\/2022\/08\/OBJ_2724-1024x681.jpg\"  data-pk-srcset=\"https:\/\/radiosolaris.com.br\/beta\/wp-content\/uploads\/2022\/08\/OBJ_2724-1024x681.jpg 1024w, https:\/\/radiosolaris.com.br\/beta\/wp-content\/uploads\/2022\/08\/OBJ_2724-300x200.jpg 300w, https:\/\/radiosolaris.com.br\/beta\/wp-content\/uploads\/2022\/08\/OBJ_2724-768x511.jpg 768w, https:\/\/radiosolaris.com.br\/beta\/wp-content\/uploads\/2022\/08\/OBJ_2724.jpg 1280w\" ><\/figure>\n<figcaption class=\"blocks-gallery-caption\">Fotos: <b style=\"font-family: Arial, Helvetica, sans-serif;font-size: small;text-align: justify\"><span style=\"font-size: 14pt\">\u00a0J\u00falio Soares\/Objetiva<\/span><\/b><\/figcaption><\/figure>\n","protected":false},"excerpt":{"rendered":"<p>Jos\u00e9 Paulo da Rosa palestrou na RA CIC Caxias desta segunda-feira (8) \u201cA educa\u00e7\u00e3o no Brasil n\u00e3o est\u00e1 bem. Todos os exames que testam o n\u00edvel de qualidade dos nossos&hellip;<\/p>\n","protected":false},"author":17,"featured_media":85647,"comment_status":"closed","ping_status":"closed","sticky":false,"template":"","format":"standard","meta":{"_lmt_disableupdate":"","_lmt_disable":"","footnotes":""},"categories":[83],"tags":[148,3043,13144,13143,283],"powerkit_post_featured":[],"class_list":{"0":"post-85645","1":"post","2":"type-post","3":"status-publish","4":"format-standard","5":"has-post-thumbnail","7":"category-serra-gaucha","8":"tag-caxias-do-sul","9":"tag-cic-caxias","10":"tag-palestra-na-ra-cic","11":"tag-ra-cic-caxias","12":"tag-serra-gaucha"},"modified_by":"Igor Panzenhagen","_links":{"self":[{"href":"https:\/\/radiosolaris.com.br\/beta\/wp-json\/wp\/v2\/posts\/85645","targetHints":{"allow":["GET"]}}],"collection":[{"href":"https:\/\/radiosolaris.com.br\/beta\/wp-json\/wp\/v2\/posts"}],"about":[{"href":"https:\/\/radiosolaris.com.br\/beta\/wp-json\/wp\/v2\/types\/post"}],"author":[{"embeddable":true,"href":"https:\/\/radiosolaris.com.br\/beta\/wp-json\/wp\/v2\/users\/17"}],"replies":[{"embeddable":true,"href":"https:\/\/radiosolaris.com.br\/beta\/wp-json\/wp\/v2\/comments?post=85645"}],"version-history":[{"count":0,"href":"https:\/\/radiosolaris.com.br\/beta\/wp-json\/wp\/v2\/posts\/85645\/revisions"}],"wp:featuredmedia":[{"embeddable":true,"href":"https:\/\/radiosolaris.com.br\/beta\/wp-json\/wp\/v2\/media\/85647"}],"wp:attachment":[{"href":"https:\/\/radiosolaris.com.br\/beta\/wp-json\/wp\/v2\/media?parent=85645"}],"wp:term":[{"taxonomy":"category","embeddable":true,"href":"https:\/\/radiosolaris.com.br\/beta\/wp-json\/wp\/v2\/categories?post=85645"},{"taxonomy":"post_tag","embeddable":true,"href":"https:\/\/radiosolaris.com.br\/beta\/wp-json\/wp\/v2\/tags?post=85645"},{"taxonomy":"powerkit_post_featured","embeddable":true,"href":"https:\/\/radiosolaris.com.br\/beta\/wp-json\/wp\/v2\/powerkit_post_featured?post=85645"}],"curies":[{"name":"wp","href":"https:\/\/api.w.org\/{rel}","templated":true}]}}