{"id":85469,"date":"2022-08-05T13:51:13","date_gmt":"2022-08-05T16:51:13","guid":{"rendered":"https:\/\/radiosolaris.com.br\/beta\/?p=85469"},"modified":"2022-08-05T13:51:15","modified_gmt":"2022-08-05T16:51:15","slug":"radio-solaris-fm-99-1-estreia-nova-programacao-nos-finais-de-semana","status":"publish","type":"post","link":"https:\/\/radiosolaris.com.br\/beta\/radio-solaris-fm-99-1-estreia-nova-programacao-nos-finais-de-semana\/","title":{"rendered":"R\u00e1dio Solaris FM 99.1 estreia nova programa\u00e7\u00e3o nos finais de semana"},"content":{"rendered":"\n<h4 id=\"novidades-da-queridaca-da-serra-iniciam-neste-sabado-6-com-novos-programas-e-troca-de-apresentadores\" class=\"wp-block-heading\">Novidades da \u2018Querida\u00e7a da Serra\u2019, iniciam neste s\u00e1bado (6), com novos programas e troca de apresentadores<\/h4>\n\n\n\n<p>A \u2018Querida\u00e7a da Serra\u2019 estreia neste s\u00e1bado (6), uma nova programa\u00e7\u00e3o para os finais de semana. Entre novidades da R\u00e1dio Solaris FM 99.1, est\u00e3o novos programas e tamb\u00e9m altera\u00e7\u00e3o de apresentadores. Essas mudan\u00e7as fazem parte do projeto de crescimento e expans\u00e3o da marca na Serra ga\u00facha.<\/p>\n\n\n\n<p>A primeira mudan\u00e7a \u00e9 que, depois de quase 10 anos no ar das 5h ao meio-dia nos s\u00e1bados, o comunicador Vilson Romitti ir\u00e1 comandar apenas o programa \u2018Bom dia Comunidade\u2019, das 5h \u00e0s 9h. Nosso \u2018Garganta de Ouro\u2019, passa o bast\u00e3o para o novo programa \u2018Super S\u00e1bado\u2019, que ser\u00e1 apresentado por Mateus Sugari, das 9h \u00e0s 12h \u00a0<\/p>\n\n\n\n<p>O coordenador de programa\u00e7\u00e3o da Solaris FM, Jeferson Freitas diz que \u201co \u2018Super S\u00e1bado\u2019 vai ser um programa com maior participa\u00e7\u00e3o dos ouvintes e sorteio de muitos brindes. A sele\u00e7\u00e3o musical ainda ser\u00e1 focada nas mais tocadas na semana nas r\u00e1dios do Brasil, mas sem o ranking, como funcionava anteriormente\u201d, afirma Freitas.<\/p>\n\n\n\n<p>Al\u00e9m disso, Jeferson explica que como Mateus deve apresentar o programa matinal, o colega Luciano Pettorini ir\u00e1 comandar o \u2018Clube do Sucesso\u2019, das 15h \u00e0s 17h. O programa \u2013 que agora ser\u00e1 apresentado em Caxias do Sul &#8211; continua com a mesma programa\u00e7\u00e3o musical e deve ir ao ar em duas das tr\u00eas emissoras do Grupo Solaris de Comunica\u00e7\u00e3o, a 99.1 FM e a 97.3 FM.<\/p>\n\n\n\n<p>J\u00e1 a coordenadora administrativa da Solaris 99.1 FM, J\u00e9ssica Sotoriva, acredita que as mudan\u00e7as \u201cv\u00e3o agradar o nosso p\u00fablico, que j\u00e1 cresceu muito em toda a regi\u00e3o. Nossa audi\u00eancia ainda tem muito a crescer em outras cidades e, \u00e9 pensando nisso, que anunciamos essa nossa mudan\u00e7a na programa\u00e7\u00e3o da Solaris\u201d, completa ela.<\/p>\n\n\n\n<p>Os programas de s\u00e1bado \u2018Bom dia Comunidade\u2019 (5h \u00e0s 9h) com Vilson Romitti; \u2018S\u00e1bado em Festa\u2019 (12h \u00e0s 15h), com Jeferson Freitas; \u2018M\u00e1quina do Tempo\u2019 com Adelino Mattana e Cl\u00e9ber Brisotto (17h \u00e0s 20h); e \u2018Bail\u00e3o da Solaris\u2019 com Igor Panzenhagen (20h \u00e0 meia-noite), seguem inalterados, sendo que o M\u00e1quina do Tempo e Bail\u00e3o da Solaris continuam sendo reproduzidos nas duas emissoras (FM 99.1 e FM 97.3).<\/p>\n\n\n\n<p><strong>Programa\u00e7\u00e3o de Domingo<\/strong><br>A programa\u00e7\u00e3o dos domingos tamb\u00e9m est\u00e1 passando por mudan\u00e7as. Desde o dia 10 de julho, o \u2018Dominga\u00e7o\u2019 est\u00e1 sendo comandado por Nando Freitas. A partir de agora, o novo hor\u00e1rio do programa ser\u00e1 das 14h \u00e0s 17h. Logo ap\u00f3s, uma programa\u00e7\u00e3o musical gauchesca, com as can\u00e7\u00f5es mais tradicionalistas, tomar\u00e1 conta da Serra at\u00e9 \u00e0s 20h. Na sequ\u00eancia, ser\u00e1 apresentado at\u00e9 o final da noite o programa \u2018Show Bandas&#8217;.<\/p>\n\n\n\n<h3 id=\"confira-como-ficara-a-nova-programacao-nos-finais-de-semana\" class=\"wp-block-heading\">CONFIRA COMO FICAR\u00c1 A NOVA PROGRAMA\u00c7\u00c3O NOS FINAIS DE SEMANA:<\/h3>\n\n\n\n<p><strong>S\u00e1bados<\/strong><br>5h \u00e0s 9h \u2013 BOM DIA COMUNIDADE com Vilson Romitti<br>9h \u00e0s 12h \u2013 SUPER S\u00c1BADO com Mateus Sugari<br>12h \u00e0s 15h \u2013 S\u00c1BADO EM FESTA com Jeferson Freitas<br>15h \u00e0s 17h \u2013 CLUBE DO SUCESSO com Luciano Pettorini<br>17h \u00e0s 20h \u2013 M\u00c1QUINA DO TEMPO com Cleber Brizotto e Adelino Mattana<br>20h \u00e0s 0h \u2013 BAIL\u00c3O DA SOLARIS com Igor Panzenhagen<\/p>\n\n\n\n<p><strong>Domingos<br><\/strong>6h \u00e0s 9h \u2013 ALMA SERTANEJA com Filipe Brogliatto<br>9h \u00e0s 10h \u2013 MISSA DOMINICIAL direto da Catedral Santa Teresa, em Caxias do Sul<br>10h \u00e0s 14h \u2013 CHURRASC\u00c3O DA SOLARIS com Jeferson Freitas<br>14h \u00e0s 17h \u2013 DOMINGA\u00c7O com Nando Freitas<br>17h \u00e0s 20h \u2013 PROGRAMA\u00c7\u00c3O GAUCHESCA<br>20h \u00e0s 00h \u2013 SHOW BANDAS com Nando Freitas<\/p>\n","protected":false},"excerpt":{"rendered":"<p>Novidades da \u2018Querida\u00e7a da Serra\u2019, iniciam neste s\u00e1bado (6), com novos programas e troca de apresentadores A \u2018Querida\u00e7a da Serra\u2019 estreia neste s\u00e1bado (6), uma nova programa\u00e7\u00e3o para os finais&hellip;<\/p>\n","protected":false},"author":13,"featured_media":85470,"comment_status":"closed","ping_status":"closed","sticky":false,"template":"","format":"standard","meta":{"_lmt_disableupdate":"","_lmt_disable":"","footnotes":""},"categories":[1,83],"tags":[148,114,13080,13077,3182,992,283,13078,13079],"powerkit_post_featured":[],"class_list":{"0":"post-85469","1":"post","2":"type-post","3":"status-publish","4":"format-standard","5":"has-post-thumbnail","7":"category-geral","8":"category-serra-gaucha","9":"tag-caxias-do-sul","10":"tag-flores-da-cunha","11":"tag-mudancas-na-programacao","12":"tag-queridaca-da-serra","13":"tag-radio-solaris-fm-99-1","14":"tag-serra","15":"tag-serra-gaucha","16":"tag-solaris-fm-99-1","17":"tag-super-sabado"},"modified_by":"Filipe Brogliatto","_links":{"self":[{"href":"https:\/\/radiosolaris.com.br\/beta\/wp-json\/wp\/v2\/posts\/85469","targetHints":{"allow":["GET"]}}],"collection":[{"href":"https:\/\/radiosolaris.com.br\/beta\/wp-json\/wp\/v2\/posts"}],"about":[{"href":"https:\/\/radiosolaris.com.br\/beta\/wp-json\/wp\/v2\/types\/post"}],"author":[{"embeddable":true,"href":"https:\/\/radiosolaris.com.br\/beta\/wp-json\/wp\/v2\/users\/13"}],"replies":[{"embeddable":true,"href":"https:\/\/radiosolaris.com.br\/beta\/wp-json\/wp\/v2\/comments?post=85469"}],"version-history":[{"count":0,"href":"https:\/\/radiosolaris.com.br\/beta\/wp-json\/wp\/v2\/posts\/85469\/revisions"}],"wp:featuredmedia":[{"embeddable":true,"href":"https:\/\/radiosolaris.com.br\/beta\/wp-json\/wp\/v2\/media\/85470"}],"wp:attachment":[{"href":"https:\/\/radiosolaris.com.br\/beta\/wp-json\/wp\/v2\/media?parent=85469"}],"wp:term":[{"taxonomy":"category","embeddable":true,"href":"https:\/\/radiosolaris.com.br\/beta\/wp-json\/wp\/v2\/categories?post=85469"},{"taxonomy":"post_tag","embeddable":true,"href":"https:\/\/radiosolaris.com.br\/beta\/wp-json\/wp\/v2\/tags?post=85469"},{"taxonomy":"powerkit_post_featured","embeddable":true,"href":"https:\/\/radiosolaris.com.br\/beta\/wp-json\/wp\/v2\/powerkit_post_featured?post=85469"}],"curies":[{"name":"wp","href":"https:\/\/api.w.org\/{rel}","templated":true}]}}