{"id":85379,"date":"2022-08-04T10:11:28","date_gmt":"2022-08-04T13:11:28","guid":{"rendered":"https:\/\/radiosolaris.com.br\/beta\/?p=85379"},"modified":"2022-08-04T10:12:35","modified_gmt":"2022-08-04T13:12:35","slug":"farmacias-sao-joao-e-premiada-entre-as-cinco-maiores-marcas-do-rs-pelo-oitavo-ano-consecutivo","status":"publish","type":"post","link":"https:\/\/radiosolaris.com.br\/beta\/farmacias-sao-joao-e-premiada-entre-as-cinco-maiores-marcas-do-rs-pelo-oitavo-ano-consecutivo\/","title":{"rendered":"Farm\u00e1cias S\u00e3o Jo\u00e3o \u00e9 premiada entre as cinco maiores marcas do RS pelo oitavo ano consecutivo"},"content":{"rendered":"\n<h4 id=\"a-rede-foi-novamente-destaque-na-categoria-grande-empresa-a-mais-importante-do-top-of-mind\" class=\"wp-block-heading\">A Rede foi novamente destaque na categoria Grande Empresa, a mais importante do Top Of Mind<\/h4>\n\n\n\n<p>A marca Farm\u00e1cias S\u00e3o Jo\u00e3o est\u00e1 cada vez mais presente na vida dos ga\u00fachos e demonstra o compromisso da Rede em oferecer o melhor para quem entra em uma das mais de 900 filiais. Prova disso, \u00e9 que, pelo oitavo ano consecutivo, a empresa aparece como uma das cinco maiores marcas do Rio Grande do Sul no Top Of Mind RS\/2022, divulgado pelo Grupo Amanh\u00e3, no \u00faltimo dia 28 de julho, em Porto Alegre.<\/p>\n\n\n\n<p>A pesquisa pioneira no Brasil \u2013 uma esp\u00e9cie de Oscar das marcas mais lembradas pelo consumidor \u2013 \u00e9 realizada pela Revista Amanh\u00e3 h\u00e1 mais de tr\u00eas d\u00e9cadas. Pessoas de todas as regi\u00f5es do estado s\u00e3o questionadas sobre: Qual empresa vem \u00e0 cabe\u00e7a, ao pensar em produto ou servi\u00e7o? Cerca de 37 mil marcas j\u00e1 foram lembradas pela popula\u00e7\u00e3o ga\u00facha e na pesquisa deste ano a S\u00e3o Jo\u00e3o aparece novamente em grande parte das cita\u00e7\u00f5es espont\u00e2neas, ou seja, no questionamento sem especificar o segmento.<\/p>\n\n\n\n<p>\u201cEsse \u00e9 o reconhecimento de um trabalho feito com muitas m\u00e3os. Um trabalho \u00e1rduo, mas realizado com alegria e dedica\u00e7\u00e3o permanente. Em nome dos mais de 15 mil colaboradores que fazem parte da fam\u00edlia S\u00e3o Jo\u00e3o, agradecemos a cada cliente ga\u00facho que confia na nossa marca. Este pr\u00eamio nos d\u00e1 ainda mais motiva\u00e7\u00e3o e chancela a nossa cren\u00e7a de que servir \u00e9 a melhor oportunidade que temos\u201d, afirma o presidente da Rede de Farm\u00e1cias S\u00e3o Jo\u00e3o, Pedro Henrique Kappaun Brair.<\/p>\n\n\n\n<p>Conhecida pelo jeito inovador de expandir, a S\u00e3o Jo\u00e3o caminha para atingir mil filiais e encurtar dist\u00e2ncias entre lojas e clientes, numa trajet\u00f3ria de expans\u00e3o al\u00e9m de medicamentos, o que engloba hoje linhas completas de mercadorias de conveni\u00eancia e produtos de consumo di\u00e1rio, para facilitar a rotina dos consumidores.<\/p>\n\n\n\n<p>\u201cAcreditamos e estamos investindo para popularizar essa que \u00e9 uma tend\u00eancia mundial. Queremos que nossas cidades tamb\u00e9m conhe\u00e7am os benef\u00edcios do modelo de farm\u00e1cia que contempla uma ampla diversidade de produtos e servi\u00e7os. O tempo das pessoas est\u00e1 cada vez mais precioso e \u00e9 nosso papel estarmos atentos \u00e0s necessidades sempre buscando alternativas. Isso \u00e9 valorizar e satisfazer o cliente, proporcionando economia de tempo, de dinheiro, redu\u00e7\u00e3o de estresse e consequentemente promovendo sa\u00fade\u201d, ressalta ainda o presidente da empresa.<\/p>\n\n\n\n<p>Toda essa transforma\u00e7\u00e3o, com a oferta das mais variadas categorias de produtos, faz da S\u00e3o Jo\u00e3o um estabelecimento global, aliada \u00e0 reinven\u00e7\u00e3o do mercado farmac\u00eautico, obedece \u00e0s normas da Ag\u00eancia Nacional de Vigil\u00e2ncia Sanit\u00e1ria (Anvisa) e todos os produtos e servi\u00e7os comercializados nas filiais da Rede s\u00e3o autorizados pela ag\u00eancia reguladora.<\/p>\n\n\n\n<p>Ser <em>Top of Mind<\/em> \u00e9 o reconhecimento aos diversos servi\u00e7os, \u00e0 gama de atendimentos farmac\u00eauticos oferecidos e \u00e0 fun\u00e7\u00e3o que a farm\u00e1cia assumiu como protagonista na aten\u00e7\u00e3o prim\u00e1ria da sa\u00fade da popula\u00e7\u00e3o.<\/p>\n\n\n\n<p>\u201cAquele papel, do come\u00e7o das farm\u00e1cias comunit\u00e1rias, com foco nos atendimentos em sa\u00fade, ganhou for\u00e7a durante a pandemia e mostrou o quanto as farm\u00e1cias podem contribuir com a popula\u00e7\u00e3o e com o sistema de sa\u00fade do pa\u00eds. Buscamos sempre fazer o melhor, inovar e contribuir para o desenvolvimento e a qualidade de vida das comunidades onde estamos presentes\u201d, afirma tamb\u00e9m o presidente.<\/p>\n\n\n\n<p>A S\u00e3o Jo\u00e3o investe na amplia\u00e7\u00e3o dos servi\u00e7os farmac\u00eauticos, com os avan\u00e7os na \u00e1rea da sa\u00fade, a evolu\u00e7\u00e3o dos equipamentos e o surgimento dos exames conhecidos como testes laboratoriais remotos, que ressignificaram o processo de triagem e diagn\u00f3stico devido a seguran\u00e7a e praticidade.<\/p>\n\n\n\n<p>O trabalho qualificado dos profissionais, em cl\u00ednicas farmac\u00eauticas modernas com equipamentos de \u00faltima gera\u00e7\u00e3o dentro das lojas, permite rastrear e monitorar diversos problemas de sa\u00fade com resultados em apenas 15 minutos. As principais vacinas existentes no mercado, que oferecem prote\u00e7\u00e3o contra uma s\u00e9rie de doen\u00e7as para todas as idades, tamb\u00e9m est\u00e3o dispon\u00edveis nas filiais.<\/p>\n\n\n\n<p>\u201cNosso projeto como empresa engloba os pilares de sa\u00fade, desenvolvimento econ\u00f4mico regional, gera\u00e7\u00e3o de emprego e renda, inova\u00e7\u00e3o e a\u00e7\u00f5es de responsabilidade social. Nosso prop\u00f3sito, acima de tudo, \u00e9 de servir e melhorar a vida das pessoas\u201d, finaliza o presidente da S\u00e3o Jo\u00e3o.<\/p>\n\n\n\n<p><strong>Pesquisa completa Top Of Mind<br><\/strong>As empresas vencedoras da principal categoria do Top Of Mind RS\/2022 foram: Tramontina, Gerdau, RBS, Renner e Farm\u00e1cias S\u00e3o Jo\u00e3o. O levantamento capta a lembran\u00e7a espont\u00e2nea dos ga\u00fachos em um universo de entrevistados que espelha a popula\u00e7\u00e3o, de acordo com vari\u00e1veis de sexo, classe social e idade apuradas pelo IBGE. A pesquisa completa est\u00e1 no site: amanha.com.br<\/p>\n\n\n\n<p><strong>Sobre a S\u00e3o Jo\u00e3o<br><\/strong>A Rede de Farm\u00e1cias S\u00e3o Jo\u00e3o est\u00e1 presente em mais de 200 cidades do Rio Grande do Sul, Santa Catarina e Paran\u00e1. Com mais de quatro d\u00e9cadas de hist\u00f3ria, tem como compromisso: \u201cCuidar da sua sa\u00fade \u00e9 nossa miss\u00e3o\u201d.<\/p>\n\n\n\n<p>O atendimento ainda conta com um aplicativo, o maior em n\u00famero de lojas integradas na regi\u00e3o Sul do Brasil, para oferecer mais comodidade ao cliente atrav\u00e9s do uso do celular. No APP da S\u00e3o Jo\u00e3o, al\u00e9m de todos os produtos dispon\u00edveis na Rede, tem as op\u00e7\u00f5es de compre e retire na loja, receba em casa, ofertas exclusivas e como encontrar a filial mais pr\u00f3xima.<\/p>\n\n\n\n<p>At\u00e9 o primeiro semestre de 2023 a empresa prev\u00ea a inaugura\u00e7\u00e3o de um novo centro de distribui\u00e7\u00e3o, na cidade de Gravata\u00ed\/RS, com uma significativa ascens\u00e3o na opera\u00e7\u00e3o de log\u00edstica. Com investimento superior a 200 milh\u00f5es de reais, a Rede vai gerar mais de 600 novos empregos diretos.<\/p>\n","protected":false},"excerpt":{"rendered":"<p>A Rede foi novamente destaque na categoria Grande Empresa, a mais importante do Top Of Mind A marca Farm\u00e1cias S\u00e3o Jo\u00e3o est\u00e1 cada vez mais presente na vida dos ga\u00fachos&hellip;<\/p>\n","protected":false},"author":13,"featured_media":85380,"comment_status":"closed","ping_status":"closed","sticky":false,"template":"","format":"standard","meta":{"_lmt_disableupdate":"","_lmt_disable":"","footnotes":""},"categories":[91],"tags":[13044,6734,13045,641,13043,12455,135,283],"powerkit_post_featured":[],"class_list":{"0":"post-85379","1":"post","2":"type-post","3":"status-publish","4":"format-standard","5":"has-post-thumbnail","7":"category-publieditorial","8":"tag-empresa-premiada","9":"tag-farmacia-sao-joao","10":"tag-maiores-marcas-do-rs","11":"tag-pesquisa","12":"tag-pesquisa-top-of-mind","13":"tag-rede-de-farmacias-sao-joao","14":"tag-rio-grande-do-sul","15":"tag-serra-gaucha"},"modified_by":"Filipe Brogliatto","_links":{"self":[{"href":"https:\/\/radiosolaris.com.br\/beta\/wp-json\/wp\/v2\/posts\/85379","targetHints":{"allow":["GET"]}}],"collection":[{"href":"https:\/\/radiosolaris.com.br\/beta\/wp-json\/wp\/v2\/posts"}],"about":[{"href":"https:\/\/radiosolaris.com.br\/beta\/wp-json\/wp\/v2\/types\/post"}],"author":[{"embeddable":true,"href":"https:\/\/radiosolaris.com.br\/beta\/wp-json\/wp\/v2\/users\/13"}],"replies":[{"embeddable":true,"href":"https:\/\/radiosolaris.com.br\/beta\/wp-json\/wp\/v2\/comments?post=85379"}],"version-history":[{"count":0,"href":"https:\/\/radiosolaris.com.br\/beta\/wp-json\/wp\/v2\/posts\/85379\/revisions"}],"wp:featuredmedia":[{"embeddable":true,"href":"https:\/\/radiosolaris.com.br\/beta\/wp-json\/wp\/v2\/media\/85380"}],"wp:attachment":[{"href":"https:\/\/radiosolaris.com.br\/beta\/wp-json\/wp\/v2\/media?parent=85379"}],"wp:term":[{"taxonomy":"category","embeddable":true,"href":"https:\/\/radiosolaris.com.br\/beta\/wp-json\/wp\/v2\/categories?post=85379"},{"taxonomy":"post_tag","embeddable":true,"href":"https:\/\/radiosolaris.com.br\/beta\/wp-json\/wp\/v2\/tags?post=85379"},{"taxonomy":"powerkit_post_featured","embeddable":true,"href":"https:\/\/radiosolaris.com.br\/beta\/wp-json\/wp\/v2\/powerkit_post_featured?post=85379"}],"curies":[{"name":"wp","href":"https:\/\/api.w.org\/{rel}","templated":true}]}}