{"id":85322,"date":"2022-08-05T10:22:13","date_gmt":"2022-08-05T13:22:13","guid":{"rendered":"https:\/\/radiosolaris.com.br\/beta\/?p=85322"},"modified":"2022-08-05T10:22:15","modified_gmt":"2022-08-05T13:22:15","slug":"joalheiro-cesar-cony-fara-exposicao-no-axten-hotel-de-antonio-prado","status":"publish","type":"post","link":"https:\/\/radiosolaris.com.br\/beta\/joalheiro-cesar-cony-fara-exposicao-no-axten-hotel-de-antonio-prado\/","title":{"rendered":"Joalheiro Cesar Cony far\u00e1 exposi\u00e7\u00e3o no Axten Hotel de Ant\u00f4nio Prado"},"content":{"rendered":"\n<h4 id=\"a-exposicao-ocorre-neste-sabado-6-das-9h-as-21h-no-hall-principal-do-hotel\" class=\"wp-block-heading\">A exposi\u00e7\u00e3o ocorre neste s\u00e1bado (6), das 9h \u00e0s 21h, no hall principal do hotel<\/h4>\n\n\n\n<p>O joalheiro e escultor Cesar Cony realizar\u00e1 a exposi\u00e7\u00e3o de suas pe\u00e7as no pr\u00f3ximo s\u00e1bado (6) no hall principal do Axten Hotel de Ant\u00f4nio Prado, das 9h \u00e0s 21h e o artista estar\u00e1 presente para recepcionar o p\u00fablico.<\/p>\n\n\n\n<p>Cony come\u00e7ou seu di\u00e1logo com a joalheria de forma totalmente emp\u00edrica. Conviveu com Caio Mour\u00e3o, Bobby Stepanenko, entre outros, todos precursores da produ\u00e7\u00e3o de joias autorais e do ensino da arte joalheira no Brasil. Nesses artistas, encontrou uma profunda identidade est\u00e9tica e, com a conviv\u00eancia, inspira\u00e7\u00e3o para criar, em 1995, a Escola Ga\u00facha de Joalheria em Porto Alegre, sua cidade natal.<\/p>\n\n\n\n<p>Durante os 15 anos em que esteve \u00e0 frente da escola, formou e influenciou uma nova gera\u00e7\u00e3o de joalheiros e designers atrav\u00e9s do ensino da arte joalheira e da realiza\u00e7\u00e3o de uma s\u00e9rie de exposi\u00e7\u00f5es in\u00e9ditas.<\/p>\n\n\n\n<p>Atualmente reside em Ant\u00f4nio Prado onde mant\u00e9m seu atelier e desenvolve suas cole\u00e7\u00f5es em metais nobres e pedras preciosas.<\/p>\n\n\n\n<p>Saiba mais sobre Cesar Cony e seu trabalho atrav\u00e9s de seu site: <a href=\"http:\/\/www.cesarcony.com\/\" target=\"_blank\" rel=\"noreferrer noopener\">www.cesarcony.com<\/a> e Instagram: @cesar.cony.<\/p>\n\n\n\n<figure class=\"wp-block-image size-full\"><img  loading=\"lazy\"  decoding=\"async\"  width=\"720\"  height=\"720\"  src=\"data:image\/png;base64,iVBORw0KGgoAAAANSUhEUgAAAAEAAAABAQMAAAAl21bKAAAAA1BMVEUAAP+KeNJXAAAAAXRSTlMAQObYZgAAAAlwSFlzAAAOxAAADsQBlSsOGwAAAApJREFUCNdjYAAAAAIAAeIhvDMAAAAASUVORK5CYII=\"  alt=\"\"  class=\"wp-image-85326 pk-lazyload\"  data-pk-sizes=\"auto\"  data-pk-src=\"https:\/\/radiosolaris.com.br\/beta\/wp-content\/uploads\/2022\/08\/IMG-20220802-WA0024.jpg\" ><\/figure>\n","protected":false},"excerpt":{"rendered":"<p>A exposi\u00e7\u00e3o ocorre neste s\u00e1bado (6), das 9h \u00e0s 21h, no hall principal do hotel O joalheiro e escultor Cesar Cony realizar\u00e1 a exposi\u00e7\u00e3o de suas pe\u00e7as no pr\u00f3ximo s\u00e1bado&hellip;<\/p>\n","protected":false},"author":1,"featured_media":85325,"comment_status":"closed","ping_status":"closed","sticky":false,"template":"","format":"standard","meta":{"_lmt_disableupdate":"","_lmt_disable":"","footnotes":""},"categories":[86,83],"tags":[143,657,6965,13029],"powerkit_post_featured":[],"class_list":{"0":"post-85322","1":"post","2":"type-post","3":"status-publish","4":"format-standard","5":"has-post-thumbnail","7":"category-entretenimento","8":"category-serra-gaucha","9":"tag-antonio-prado","10":"tag-axten-hotel","11":"tag-cesar-cony","12":"tag-exposicao-de-joias"},"modified_by":null,"_links":{"self":[{"href":"https:\/\/radiosolaris.com.br\/beta\/wp-json\/wp\/v2\/posts\/85322","targetHints":{"allow":["GET"]}}],"collection":[{"href":"https:\/\/radiosolaris.com.br\/beta\/wp-json\/wp\/v2\/posts"}],"about":[{"href":"https:\/\/radiosolaris.com.br\/beta\/wp-json\/wp\/v2\/types\/post"}],"author":[{"embeddable":true,"href":"https:\/\/radiosolaris.com.br\/beta\/wp-json\/wp\/v2\/users\/1"}],"replies":[{"embeddable":true,"href":"https:\/\/radiosolaris.com.br\/beta\/wp-json\/wp\/v2\/comments?post=85322"}],"version-history":[{"count":0,"href":"https:\/\/radiosolaris.com.br\/beta\/wp-json\/wp\/v2\/posts\/85322\/revisions"}],"wp:featuredmedia":[{"embeddable":true,"href":"https:\/\/radiosolaris.com.br\/beta\/wp-json\/wp\/v2\/media\/85325"}],"wp:attachment":[{"href":"https:\/\/radiosolaris.com.br\/beta\/wp-json\/wp\/v2\/media?parent=85322"}],"wp:term":[{"taxonomy":"category","embeddable":true,"href":"https:\/\/radiosolaris.com.br\/beta\/wp-json\/wp\/v2\/categories?post=85322"},{"taxonomy":"post_tag","embeddable":true,"href":"https:\/\/radiosolaris.com.br\/beta\/wp-json\/wp\/v2\/tags?post=85322"},{"taxonomy":"powerkit_post_featured","embeddable":true,"href":"https:\/\/radiosolaris.com.br\/beta\/wp-json\/wp\/v2\/powerkit_post_featured?post=85322"}],"curies":[{"name":"wp","href":"https:\/\/api.w.org\/{rel}","templated":true}]}}