{"id":85183,"date":"2022-08-02T09:36:05","date_gmt":"2022-08-02T12:36:05","guid":{"rendered":"https:\/\/radiosolaris.com.br\/beta\/?p=85183"},"modified":"2022-08-02T13:08:43","modified_gmt":"2022-08-02T16:08:43","slug":"mulher-e-presa-com-sacola-com-tijolos-de-maconha-em-caxias-do-sul","status":"publish","type":"post","link":"https:\/\/radiosolaris.com.br\/beta\/mulher-e-presa-com-sacola-com-tijolos-de-maconha-em-caxias-do-sul\/","title":{"rendered":"Mulher \u00e9 presa com sacola com tijolos de maconha em Caxias do Sul"},"content":{"rendered":"\n<h4 id=\"fato-foi-registrado-na-noite-desta-segunda-feira-1o-no-bairro-de-lazzer\" class=\"wp-block-heading\">Fato foi registrado na noite desta segunda-feira (1\u00ba), no bairro De Lazzer<\/h4>\n\n\n\n<p>Uma mulher de 29 anos foi presa com uma sacola com tijolos de maconha no interior de um ve\u00edculo Hyundai HB20 preto, na noite desta segunda-feira (1\u00ba), no bairro De Lazzer, em Caxias do Sul. O fato foi registrado pouco depois das 19h30min, na rua Louren\u00e7o Tesser.<\/p>\n\n\n\n<p>De acordo com informa\u00e7\u00f5es do 4\u00ba Batalh\u00e3o de Pol\u00edcia de Choque, a guarni\u00e7\u00e3o recebeu informa\u00e7\u00f5es de que a mulher que conduzia o HB20 estaria realizando entrega de entorpecentes. A guarni\u00e7\u00e3o da Brigada Militar localizou o ve\u00edculo e abordou a motorista. No interior do carro, foi localizada a sacola com cerca de 3,8 kg de tijolos de maconha.<\/p>\n\n\n\n<p>A mulher informou ainda aos policiais que na garagem de seu apartamento havia um segundo ve\u00edculo, um Chevrolet Onix, que estava em situa\u00e7\u00e3o de furto\/roubo. Diante dos fatos, foi dada voz de pris\u00e3o \u00e0 condutora, que foi encaminhada \u00e0 Delegacia de Pol\u00edcia de Pronto Atendimento (DPPA), junto com a droga e os dois ve\u00edculos apreendidos.<\/p>\n\n\n\n<figure class=\"wp-block-gallery has-nested-images columns-1 is-cropped wp-block-gallery-1 is-layout-flex wp-block-gallery-is-layout-flex\">\n<figure class=\"wp-block-image size-large\"><a href=\"https:\/\/radiosolaris.com.br\/beta\/wp-content\/uploads\/2022\/08\/Mulher-e-presa-com-sacola-com-tijolos-de-maconha-em-Caxias-do-Sul-2.jpeg\"><img  loading=\"lazy\"  decoding=\"async\"  width=\"1024\"  height=\"576\"  data-id=\"85185\"  src=\"data:image\/png;base64,iVBORw0KGgoAAAANSUhEUgAAAAEAAAABAQMAAAAl21bKAAAAA1BMVEUAAP+KeNJXAAAAAXRSTlMAQObYZgAAAAlwSFlzAAAOxAAADsQBlSsOGwAAAApJREFUCNdjYAAAAAIAAeIhvDMAAAAASUVORK5CYII=\"  alt=\"\"  class=\"wp-image-85185 pk-lazyload\"  data-pk-sizes=\"auto\"  data-ls-sizes=\"auto, (max-width: 1024px) 100vw, 1024px\"  data-pk-src=\"https:\/\/radiosolaris.com.br\/beta\/wp-content\/uploads\/2022\/08\/Mulher-e-presa-com-sacola-com-tijolos-de-maconha-em-Caxias-do-Sul-2-1024x576.jpeg\"  data-pk-srcset=\"https:\/\/radiosolaris.com.br\/beta\/wp-content\/uploads\/2022\/08\/Mulher-e-presa-com-sacola-com-tijolos-de-maconha-em-Caxias-do-Sul-2-1024x576.jpeg 1024w, https:\/\/radiosolaris.com.br\/beta\/wp-content\/uploads\/2022\/08\/Mulher-e-presa-com-sacola-com-tijolos-de-maconha-em-Caxias-do-Sul-2-300x169.jpeg 300w, https:\/\/radiosolaris.com.br\/beta\/wp-content\/uploads\/2022\/08\/Mulher-e-presa-com-sacola-com-tijolos-de-maconha-em-Caxias-do-Sul-2-768x432.jpeg 768w, https:\/\/radiosolaris.com.br\/beta\/wp-content\/uploads\/2022\/08\/Mulher-e-presa-com-sacola-com-tijolos-de-maconha-em-Caxias-do-Sul-2.jpeg 1280w\" ><\/a><\/figure>\n\n\n\n<figure class=\"wp-block-image size-large\"><a href=\"https:\/\/radiosolaris.com.br\/beta\/wp-content\/uploads\/2022\/08\/Mulher-e-presa-com-sacola-com-tijolos-de-maconha-em-Caxias-do-Sul-1.jpeg\"><img  decoding=\"async\"  data-id=\"85184\"  src=\"data:image\/png;base64,iVBORw0KGgoAAAANSUhEUgAAAAEAAAABAQMAAAAl21bKAAAAA1BMVEUAAP+KeNJXAAAAAXRSTlMAQObYZgAAAAlwSFlzAAAOxAAADsQBlSsOGwAAAApJREFUCNdjYAAAAAIAAeIhvDMAAAAASUVORK5CYII=\"  alt=\"\"  class=\"wp-image-85184 pk-lazyload\"  data-pk-sizes=\"auto\"  data-pk-src=\"https:\/\/radiosolaris.com.br\/beta\/wp-content\/uploads\/2022\/08\/Mulher-e-presa-com-sacola-com-tijolos-de-maconha-em-Caxias-do-Sul-1-1024x768.jpeg\" ><\/a><\/figure>\n<\/figure>\n","protected":false},"excerpt":{"rendered":"<p>Fato foi registrado na noite desta segunda-feira (1\u00ba), no bairro De Lazzer Uma mulher de 29 anos foi presa com uma sacola com tijolos de maconha no interior de um&hellip;<\/p>\n","protected":false},"author":13,"featured_media":85184,"comment_status":"closed","ping_status":"closed","sticky":false,"template":"","format":"standard","meta":{"_lmt_disableupdate":"","_lmt_disable":"","footnotes":""},"categories":[83],"tags":[10969,247,148,158,3040,505,992,283,12982,943],"powerkit_post_featured":[],"class_list":{"0":"post-85183","1":"post","2":"type-post","3":"status-publish","4":"format-standard","5":"has-post-thumbnail","7":"category-serra-gaucha","8":"tag-bairro-de-lazzer","9":"tag-brigada-militar","10":"tag-caxias-do-sul","11":"tag-crime","12":"tag-ocorrencia","13":"tag-seguranca-publica","14":"tag-serra","15":"tag-serra-gaucha","16":"tag-tijolos-de-maconha","17":"tag-trafico-de-drogas-2"},"modified_by":"Filipe Brogliatto","_links":{"self":[{"href":"https:\/\/radiosolaris.com.br\/beta\/wp-json\/wp\/v2\/posts\/85183","targetHints":{"allow":["GET"]}}],"collection":[{"href":"https:\/\/radiosolaris.com.br\/beta\/wp-json\/wp\/v2\/posts"}],"about":[{"href":"https:\/\/radiosolaris.com.br\/beta\/wp-json\/wp\/v2\/types\/post"}],"author":[{"embeddable":true,"href":"https:\/\/radiosolaris.com.br\/beta\/wp-json\/wp\/v2\/users\/13"}],"replies":[{"embeddable":true,"href":"https:\/\/radiosolaris.com.br\/beta\/wp-json\/wp\/v2\/comments?post=85183"}],"version-history":[{"count":0,"href":"https:\/\/radiosolaris.com.br\/beta\/wp-json\/wp\/v2\/posts\/85183\/revisions"}],"wp:featuredmedia":[{"embeddable":true,"href":"https:\/\/radiosolaris.com.br\/beta\/wp-json\/wp\/v2\/media\/85184"}],"wp:attachment":[{"href":"https:\/\/radiosolaris.com.br\/beta\/wp-json\/wp\/v2\/media?parent=85183"}],"wp:term":[{"taxonomy":"category","embeddable":true,"href":"https:\/\/radiosolaris.com.br\/beta\/wp-json\/wp\/v2\/categories?post=85183"},{"taxonomy":"post_tag","embeddable":true,"href":"https:\/\/radiosolaris.com.br\/beta\/wp-json\/wp\/v2\/tags?post=85183"},{"taxonomy":"powerkit_post_featured","embeddable":true,"href":"https:\/\/radiosolaris.com.br\/beta\/wp-json\/wp\/v2\/powerkit_post_featured?post=85183"}],"curies":[{"name":"wp","href":"https:\/\/api.w.org\/{rel}","templated":true}]}}