{"id":85065,"date":"2022-08-01T10:50:56","date_gmt":"2022-08-01T13:50:56","guid":{"rendered":"https:\/\/radiosolaris.com.br\/beta\/?p=85065"},"modified":"2022-08-01T11:21:35","modified_gmt":"2022-08-01T14:21:35","slug":"rio-grande-do-sul-tera-dez-candidatos-ao-governo-do-estado","status":"publish","type":"post","link":"https:\/\/radiosolaris.com.br\/beta\/rio-grande-do-sul-tera-dez-candidatos-ao-governo-do-estado\/","title":{"rendered":"Rio Grande do Sul ter\u00e1 dez candidatos ao Governo do Estado"},"content":{"rendered":"\n<h4 id=\"definicoes-ocorreram-neste-final-de-semana-nas-convencoes-partidarias\" class=\"wp-block-heading\">Defini\u00e7\u00f5es ocorreram neste final de semana nas conven\u00e7\u00f5es partid\u00e1rias<\/h4>\n\n\n\n<p>O final de semana foi de agita\u00e7\u00e3o no cen\u00e1rio pol\u00edtico ga\u00facho. Depois da realiza\u00e7\u00e3o das conven\u00e7\u00f5es partid\u00e1rias, foram definidos os dez nomes que devem concorrer ao Pal\u00e1cio Piratini. Alguns partidos j\u00e1 definiram tamb\u00e9m os candidatos a vice, deputados estaduais e federais e senadores.<\/p>\n\n\n\n<p>Os candidatos j\u00e1 anunciados s\u00e3o: Beto Albuquerque (PSB), Carlos Messalla (PCB), Edegar Pretto (PT), Eduardo Leite (PSDB), Luis Carlos Heinze (PP), Onyx Lorenzoni (PL), Rejane de Oliveira (PSTU), Ricardo Jobim (Novo), Roberto Argenta (PSC) e Vieira da Cunha (PDT). <strong>(Conhe\u00e7a os candidatos abaixo)<\/strong><\/p>\n\n\n\n<p>Passadas as conven\u00e7\u00f5es \u2013 que podem ocorrer at\u00e9 o pr\u00f3ximo dia 5 \u2013 partidos e federa\u00e7\u00f5es t\u00eam at\u00e9 o dia 15 de agosto para registrar as candidaturas dos escolhidos. O primeiro turno das elei\u00e7\u00f5es ocorre em 2 de outubro, e o segundo, se necess\u00e1rio, em 30 de outubro. A propaganda eleitoral no r\u00e1dio e televis\u00e3o inicia no dia 26 de agosto.<\/p>\n\n\n\n<p><strong>CONHE\u00c7A OS CANDIDATOS AO GOVERNO DO RIO GRANDE DO SUL<\/strong> (ordem alfab\u00e9tica)<\/p>\n\n\n\n<figure class=\"wp-block-gallery has-nested-images columns-default is-cropped wp-block-gallery-1 is-layout-flex wp-block-gallery-is-layout-flex\">\n<figure class=\"wp-block-image size-large\"><a href=\"https:\/\/radiosolaris.com.br\/beta\/wp-content\/uploads\/2022\/08\/Beto-Albuquerque.jpg\"><img  loading=\"lazy\"  decoding=\"async\"  width=\"682\"  height=\"527\"  data-id=\"85066\"  src=\"data:image\/png;base64,iVBORw0KGgoAAAANSUhEUgAAAAEAAAABAQMAAAAl21bKAAAAA1BMVEUAAP+KeNJXAAAAAXRSTlMAQObYZgAAAAlwSFlzAAAOxAAADsQBlSsOGwAAAApJREFUCNdjYAAAAAIAAeIhvDMAAAAASUVORK5CYII=\"  alt=\"\"  class=\"wp-image-85066 pk-lazyload\"  data-pk-sizes=\"auto\"  data-ls-sizes=\"auto, (max-width: 682px) 100vw, 682px\"  data-pk-src=\"https:\/\/radiosolaris.com.br\/beta\/wp-content\/uploads\/2022\/08\/Beto-Albuquerque.jpg\"  data-pk-srcset=\"https:\/\/radiosolaris.com.br\/beta\/wp-content\/uploads\/2022\/08\/Beto-Albuquerque.jpg 682w, https:\/\/radiosolaris.com.br\/beta\/wp-content\/uploads\/2022\/08\/Beto-Albuquerque-300x232.jpg 300w\" ><\/a><\/figure>\n<figcaption class=\"blocks-gallery-caption\"><strong>BETO ALBUQUERQUE<\/strong> <br>Beto Albuquerque (PSB), foi confirmado como candidato ao governo do RS em conven\u00e7\u00e3o realizada no \u00faltimo dia 23 de julho, no Teatro Dante Barone, da Assembleia Legislativa, em Porto Alegre. Natural de Passo Fundo, Albuquerque tem 59 anos. Foi deputado estadual e federal pelo PSB. Tamb\u00e9m assumiu no final da d\u00e9cada de 1990 a Secretaria Estadual dos Transportes. Em 2014, foi escolhido para, ao lado de Marina Silva, levar adiante o projeto da chapa presidencial, inicialmente liderado por Eduardo Campos, que morreu em acidente a\u00e9reo.<\/figcaption><\/figure>\n\n\n\n<figure class=\"wp-block-gallery has-nested-images columns-default is-cropped wp-block-gallery-2 is-layout-flex wp-block-gallery-is-layout-flex\">\n<figure class=\"wp-block-image size-large\"><a href=\"https:\/\/radiosolaris.com.br\/beta\/wp-content\/uploads\/2022\/08\/Carlos-Messalla.jpg\"><img  loading=\"lazy\"  decoding=\"async\"  width=\"1944\"  height=\"1951\"  data-id=\"85067\"  src=\"data:image\/png;base64,iVBORw0KGgoAAAANSUhEUgAAAAEAAAABAQMAAAAl21bKAAAAA1BMVEUAAP+KeNJXAAAAAXRSTlMAQObYZgAAAAlwSFlzAAAOxAAADsQBlSsOGwAAAApJREFUCNdjYAAAAAIAAeIhvDMAAAAASUVORK5CYII=\"  alt=\"\"  class=\"wp-image-85067 pk-lazyload\"  data-pk-sizes=\"auto\"  data-pk-src=\"https:\/\/radiosolaris.com.br\/beta\/wp-content\/uploads\/2022\/08\/Carlos-Messalla.jpg\" ><\/a><\/figure>\n<figcaption class=\"blocks-gallery-caption\"><strong>CARLOS MESSALLA (PCB)<\/strong><br>Carlos Messalla Lima da Rosa, tem 46 anos e \u00e9 natural de Gravata\u00ed. Foi oficializado como candidato pelo PCB. \u00c9 servidor dos Correios. Concorreu a vereador em Porto Alegre na elei\u00e7\u00e3o de 2020, mas n\u00e3o se elegeu. Messalla tamb\u00e9m j\u00e1 foi dirigente do Sindicato dos Trabalhadores dos Correios no Rio Grande do Sul.<\/figcaption><\/figure>\n\n\n\n<figure class=\"wp-block-gallery has-nested-images columns-default is-cropped wp-block-gallery-3 is-layout-flex wp-block-gallery-is-layout-flex\">\n<figure class=\"wp-block-image size-large\"><a href=\"https:\/\/radiosolaris.com.br\/beta\/wp-content\/uploads\/2022\/08\/Edegar-Pretto.jpg\"><img  loading=\"lazy\"  decoding=\"async\"  width=\"1280\"  height=\"1280\"  data-id=\"85068\"  src=\"data:image\/png;base64,iVBORw0KGgoAAAANSUhEUgAAAAEAAAABAQMAAAAl21bKAAAAA1BMVEUAAP+KeNJXAAAAAXRSTlMAQObYZgAAAAlwSFlzAAAOxAAADsQBlSsOGwAAAApJREFUCNdjYAAAAAIAAeIhvDMAAAAASUVORK5CYII=\"  alt=\"\"  class=\"wp-image-85068 pk-lazyload\"  data-pk-sizes=\"auto\"  data-ls-sizes=\"auto, (max-width: 1280px) 100vw, 1280px\"  data-pk-src=\"https:\/\/radiosolaris.com.br\/beta\/wp-content\/uploads\/2022\/08\/Edegar-Pretto.jpg\"  data-pk-srcset=\"https:\/\/radiosolaris.com.br\/beta\/wp-content\/uploads\/2022\/08\/Edegar-Pretto.jpg 1280w, https:\/\/radiosolaris.com.br\/beta\/wp-content\/uploads\/2022\/08\/Edegar-Pretto-150x150.jpg 150w, https:\/\/radiosolaris.com.br\/beta\/wp-content\/uploads\/2022\/08\/Edegar-Pretto-300x300.jpg 300w, https:\/\/radiosolaris.com.br\/beta\/wp-content\/uploads\/2022\/08\/Edegar-Pretto-768x767.jpg 768w, https:\/\/radiosolaris.com.br\/beta\/wp-content\/uploads\/2022\/08\/Edegar-Pretto-1024x1024.jpg 1024w\" ><\/a><\/figure>\n<figcaption class=\"blocks-gallery-caption\"><strong>EDEGAR PRETTO (PT)<\/strong><br>O deputado estadual e ex-presidente da Assembleia Legislativa, Edgar Pretto, teve o nome oficializado como candidato ao Piratini pelo PT, neste domingo (31). Pretto nasceu em Miragua\u00ed, tem 50 anos, \u00e9 formado em Gest\u00e3o P\u00fablica e pai de tr\u00eas filhos. Nas tr\u00eas elei\u00e7\u00f5es que concorreu como deputado, foi o mais votado do partido no Estado. Edegar foi oficializado como o candidato do Partido dos Trabalhadores, com Pedro Ruas, do PSOL, que abriu m\u00e3o da sua candidatura, como vice.<\/figcaption><\/figure>\n\n\n\n<figure class=\"wp-block-gallery has-nested-images columns-default is-cropped wp-block-gallery-4 is-layout-flex wp-block-gallery-is-layout-flex\">\n<figure class=\"wp-block-image size-large\"><a href=\"https:\/\/radiosolaris.com.br\/beta\/wp-content\/uploads\/2022\/01\/eduardo-leite-psdb-governador-do-rio-grande-do-sul_0.jpg\"><img  loading=\"lazy\"  decoding=\"async\"  width=\"820\"  height=\"492\"  data-id=\"70510\"  src=\"data:image\/png;base64,iVBORw0KGgoAAAANSUhEUgAAAAEAAAABAQMAAAAl21bKAAAAA1BMVEUAAP+KeNJXAAAAAXRSTlMAQObYZgAAAAlwSFlzAAAOxAAADsQBlSsOGwAAAApJREFUCNdjYAAAAAIAAeIhvDMAAAAASUVORK5CYII=\"  alt=\"\"  class=\"wp-image-70510 pk-lazyload\"  data-pk-sizes=\"auto\"  data-ls-sizes=\"auto, (max-width: 820px) 100vw, 820px\"  data-pk-src=\"https:\/\/radiosolaris.com.br\/beta\/wp-content\/uploads\/2022\/01\/eduardo-leite-psdb-governador-do-rio-grande-do-sul_0.jpg\"  data-pk-srcset=\"https:\/\/radiosolaris.com.br\/beta\/wp-content\/uploads\/2022\/01\/eduardo-leite-psdb-governador-do-rio-grande-do-sul_0.jpg 820w, https:\/\/radiosolaris.com.br\/beta\/wp-content\/uploads\/2022\/01\/eduardo-leite-psdb-governador-do-rio-grande-do-sul_0-800x480.jpg 800w\" ><\/a><\/figure>\n<figcaption class=\"blocks-gallery-caption\"><strong>EDUARDO LEITE (PSDB)<\/strong><br>O ex-governador Eduardo Leite foi oficializado candidato ao governo ga\u00facho pelo PSDB no domingo (31). Leite \u00e9 natural de Pelotas, tem 37 anos e \u00e9 formado em direito. Foi eleito governador em 2018, sendo o mais jovem da hist\u00f3ria do RS. Exerceu o cargo entre 2019 e mar\u00e7o de 2022. Leite foi o primeiro pol\u00edtico em cargo no Executivo a se declarar homossexual. O ex-governador tamb\u00e9m foi prefeito e vereador em Pelotas. O MDB deve indicar o nome de Gabriel Souza como candidato a vice na chapa.<\/figcaption><\/figure>\n\n\n\n<figure class=\"wp-block-gallery has-nested-images columns-default is-cropped wp-block-gallery-5 is-layout-flex wp-block-gallery-is-layout-flex\">\n<figure class=\"wp-block-image size-large\"><a href=\"https:\/\/radiosolaris.com.br\/beta\/wp-content\/uploads\/2022\/08\/Luis-Carlos-Heinze.jpg\"><img  loading=\"lazy\"  decoding=\"async\"  width=\"1034\"  height=\"1034\"  data-id=\"85069\"  src=\"data:image\/png;base64,iVBORw0KGgoAAAANSUhEUgAAAAEAAAABAQMAAAAl21bKAAAAA1BMVEUAAP+KeNJXAAAAAXRSTlMAQObYZgAAAAlwSFlzAAAOxAAADsQBlSsOGwAAAApJREFUCNdjYAAAAAIAAeIhvDMAAAAASUVORK5CYII=\"  alt=\"\"  class=\"wp-image-85069 pk-lazyload\"  data-pk-sizes=\"auto\"  data-ls-sizes=\"auto, (max-width: 1034px) 100vw, 1034px\"  data-pk-src=\"https:\/\/radiosolaris.com.br\/beta\/wp-content\/uploads\/2022\/08\/Luis-Carlos-Heinze.jpg\"  data-pk-srcset=\"https:\/\/radiosolaris.com.br\/beta\/wp-content\/uploads\/2022\/08\/Luis-Carlos-Heinze.jpg 1034w, https:\/\/radiosolaris.com.br\/beta\/wp-content\/uploads\/2022\/08\/Luis-Carlos-Heinze-150x150.jpg 150w, https:\/\/radiosolaris.com.br\/beta\/wp-content\/uploads\/2022\/08\/Luis-Carlos-Heinze-300x300.jpg 300w, https:\/\/radiosolaris.com.br\/beta\/wp-content\/uploads\/2022\/08\/Luis-Carlos-Heinze-768x768.jpg 768w, https:\/\/radiosolaris.com.br\/beta\/wp-content\/uploads\/2022\/08\/Luis-Carlos-Heinze-1024x1024.jpg 1024w\" ><\/a><\/figure>\n<figcaption class=\"blocks-gallery-caption\"><strong>LUIS CARLOS HEINZE (PP)<\/strong><br>O senador Luis Carlos Heinze, de 71 anos, \u00e9 o candidato do PP para o governo do Estado. Nascido em Candel\u00e1ria, \u00e9 engenheiro agr\u00f4nomo por forma\u00e7\u00e3o. Foi prefeito de S\u00e3o Borja, deputado federal e elegeu-se senador em 2018. Em 2021, atuou na Comiss\u00e3o Parlamentar de Inqu\u00e9rito (CPI) da Covid-19. A convec\u00e7\u00e3o do Progressistas, realizada no s\u00e1bado (30), oficializou seu nome como candidato a governador. A candidata a vice na chapa ser\u00e1 a vereadora de Porto Alegre Tanise Sabino, do Partido Trabalhista Brasileiro (PTB).<\/figcaption><\/figure>\n\n\n\n<figure class=\"wp-block-gallery has-nested-images columns-default is-cropped wp-block-gallery-6 is-layout-flex wp-block-gallery-is-layout-flex\">\n<figure class=\"wp-block-image size-large\"><a href=\"https:\/\/radiosolaris.com.br\/beta\/wp-content\/uploads\/2022\/08\/Onyx-Lorenzoni.jpg\"><img  loading=\"lazy\"  decoding=\"async\"  width=\"1020\"  height=\"1020\"  data-id=\"85070\"  src=\"data:image\/png;base64,iVBORw0KGgoAAAANSUhEUgAAAAEAAAABAQMAAAAl21bKAAAAA1BMVEUAAP+KeNJXAAAAAXRSTlMAQObYZgAAAAlwSFlzAAAOxAAADsQBlSsOGwAAAApJREFUCNdjYAAAAAIAAeIhvDMAAAAASUVORK5CYII=\"  alt=\"\"  class=\"wp-image-85070 pk-lazyload\"  data-pk-sizes=\"auto\"  data-ls-sizes=\"auto, (max-width: 1020px) 100vw, 1020px\"  data-pk-src=\"https:\/\/radiosolaris.com.br\/beta\/wp-content\/uploads\/2022\/08\/Onyx-Lorenzoni.jpg\"  data-pk-srcset=\"https:\/\/radiosolaris.com.br\/beta\/wp-content\/uploads\/2022\/08\/Onyx-Lorenzoni.jpg 1020w, https:\/\/radiosolaris.com.br\/beta\/wp-content\/uploads\/2022\/08\/Onyx-Lorenzoni-150x150.jpg 150w, https:\/\/radiosolaris.com.br\/beta\/wp-content\/uploads\/2022\/08\/Onyx-Lorenzoni-300x300.jpg 300w, https:\/\/radiosolaris.com.br\/beta\/wp-content\/uploads\/2022\/08\/Onyx-Lorenzoni-768x768.jpg 768w\" ><\/a><\/figure>\n<figcaption class=\"blocks-gallery-caption\"><strong>ONYX LORENZONI (PL)<\/strong><br>O m\u00e9dico veterin\u00e1rio Onyx Lorenzoni, de 67 ano, tamb\u00e9m concorre ao cargo de governador do RS. Nascido em Porto Alegre, Lorenzoni est\u00e1 em seu quinto mandato como deputado federal. Tamb\u00e9m foi duas vezes deputado estadual. Concorreu outras duas vezes a prefeito da Capital, mas n\u00e3o se elegeu. Em 2018, al\u00e9m de concorrer a reelei\u00e7\u00e3o \u00e0 C\u00e2mara dos Deputados, Onyx trabalhou na campanha do presidente Bolsonaro. Depois foi ministro em quatro pastas diferentes. O PL anunciou confirmou a candidatura de Lorenzoni no dia 22 de julho. O nome do vice n\u00e3o foi confirmado.<\/figcaption><\/figure>\n\n\n\n<figure class=\"wp-block-gallery has-nested-images columns-default is-cropped wp-block-gallery-7 is-layout-flex wp-block-gallery-is-layout-flex\">\n<figure class=\"wp-block-image size-large\"><a href=\"https:\/\/radiosolaris.com.br\/beta\/wp-content\/uploads\/2022\/08\/Rejane-de-Oliveira.jpeg\"><img  loading=\"lazy\"  decoding=\"async\"  width=\"1280\"  height=\"1144\"  data-id=\"85071\"  src=\"data:image\/png;base64,iVBORw0KGgoAAAANSUhEUgAAAAEAAAABAQMAAAAl21bKAAAAA1BMVEUAAP+KeNJXAAAAAXRSTlMAQObYZgAAAAlwSFlzAAAOxAAADsQBlSsOGwAAAApJREFUCNdjYAAAAAIAAeIhvDMAAAAASUVORK5CYII=\"  alt=\"\"  class=\"wp-image-85071 pk-lazyload\"  data-pk-sizes=\"auto\"  data-pk-src=\"https:\/\/radiosolaris.com.br\/beta\/wp-content\/uploads\/2022\/08\/Rejane-de-Oliveira.jpeg\" ><\/a><\/figure>\n<figcaption class=\"blocks-gallery-caption\"><strong>REJANE DE OLIVEIRA (PSTU)<\/strong><br>O PSTU oficializou na tarde do \u00faltimo s\u00e1bado (30), o nome da professora aposentada da rede estadual, Rejane Oliveira, como candidata ao cargo de governadora. Rejane foi presidente do Centro dos Professores do Estado do Rio Grande do Sul (CPERS-Sindicato) por duas gest\u00f5es. Ela ser\u00e1 a \u00fanica mulher entre os candidatos ao Piratini. Seu partido definiu Vera Rosane de Oliveira como vice na chapa.<\/figcaption><\/figure>\n\n\n\n<figure class=\"wp-block-gallery has-nested-images columns-default is-cropped wp-block-gallery-8 is-layout-flex wp-block-gallery-is-layout-flex\">\n<figure class=\"wp-block-image size-large\"><a href=\"https:\/\/radiosolaris.com.br\/beta\/wp-content\/uploads\/2022\/08\/Ricardo-Jobim.jpg\"><img  loading=\"lazy\"  decoding=\"async\"  width=\"960\"  height=\"958\"  data-id=\"85072\"  src=\"data:image\/png;base64,iVBORw0KGgoAAAANSUhEUgAAAAEAAAABAQMAAAAl21bKAAAAA1BMVEUAAP+KeNJXAAAAAXRSTlMAQObYZgAAAAlwSFlzAAAOxAAADsQBlSsOGwAAAApJREFUCNdjYAAAAAIAAeIhvDMAAAAASUVORK5CYII=\"  alt=\"\"  class=\"wp-image-85072 pk-lazyload\"  data-pk-sizes=\"auto\"  data-pk-src=\"https:\/\/radiosolaris.com.br\/beta\/wp-content\/uploads\/2022\/08\/Ricardo-Jobim.jpg\" ><\/a><\/figure>\n<figcaption class=\"blocks-gallery-caption\"><strong>RICARDO JOBIM (NOVO)<\/strong><br>Ricardo Jobim \u00e9 natural de Santa Maria, tem 46 anos, \u00e9 casado e pai de tr\u00eas filhos. \u00c9 advogado, empres\u00e1rio no ramo da comunica\u00e7\u00e3o e professor universit\u00e1rio. Foi conselheiro da OAB-RS e presidente da OAB Santa Maria. Filiou-se ou Novo em 2020. O evento de oficializa\u00e7\u00e3o da chapa ocorreu no dia 23 de julho, no hotel Quality, no bairro Moinhos de Vento, em Porto Alegre. Al\u00e9m de Ricardo Jobim, o Novo traz como candidato a vice o tamb\u00e9m advogado Rafael Dresch.<\/figcaption><\/figure>\n\n\n\n<figure class=\"wp-block-gallery has-nested-images columns-default is-cropped wp-block-gallery-9 is-layout-flex wp-block-gallery-is-layout-flex\">\n<figure class=\"wp-block-image size-large\"><a href=\"https:\/\/radiosolaris.com.br\/beta\/wp-content\/uploads\/2022\/08\/Roberto-Argenta-1.jpg\"><img  loading=\"lazy\"  decoding=\"async\"  width=\"1024\"  height=\"1024\"  data-id=\"85093\"  src=\"data:image\/png;base64,iVBORw0KGgoAAAANSUhEUgAAAAEAAAABAQMAAAAl21bKAAAAA1BMVEUAAP+KeNJXAAAAAXRSTlMAQObYZgAAAAlwSFlzAAAOxAAADsQBlSsOGwAAAApJREFUCNdjYAAAAAIAAeIhvDMAAAAASUVORK5CYII=\"  alt=\"\"  class=\"wp-image-85093 pk-lazyload\"  data-pk-sizes=\"auto\"  data-ls-sizes=\"auto, (max-width: 1024px) 100vw, 1024px\"  data-pk-src=\"https:\/\/radiosolaris.com.br\/beta\/wp-content\/uploads\/2022\/08\/Roberto-Argenta-1-1024x1024.jpg\"  data-pk-srcset=\"https:\/\/radiosolaris.com.br\/beta\/wp-content\/uploads\/2022\/08\/Roberto-Argenta-1-1024x1024.jpg 1024w, https:\/\/radiosolaris.com.br\/beta\/wp-content\/uploads\/2022\/08\/Roberto-Argenta-1-150x150.jpg 150w, https:\/\/radiosolaris.com.br\/beta\/wp-content\/uploads\/2022\/08\/Roberto-Argenta-1-300x300.jpg 300w, https:\/\/radiosolaris.com.br\/beta\/wp-content\/uploads\/2022\/08\/Roberto-Argenta-1-768x768.jpg 768w, https:\/\/radiosolaris.com.br\/beta\/wp-content\/uploads\/2022\/08\/Roberto-Argenta-1.jpg 1280w\" ><\/a><\/figure>\n<figcaption class=\"blocks-gallery-caption\"><strong>ROBERTO ARGENTA (PSC)<\/strong><br>Roberto Argenta tem 69 anos e nasceu em Gramado. \u00c9 empres\u00e1rio do setor cal\u00e7adista, foi vereador e prefeito de Igrejinha e deputado federal. Entre 2004 e 2006, presidiu a Companhia de Processamento de Dados do Estado do Rio Grande do Sul (Procergs). No ano passado, tentou viabilizar a candidatura pelo MDB, mas acabou migrando para o PSC. Argenta foi o primeiro postulante ao cargo de governador a ter sua candidatura homologada, ainda no dia 20 de julho. O nome do vice, ainda n\u00e3o foi confirmado.<\/figcaption><\/figure>\n\n\n\n<figure class=\"wp-block-gallery has-nested-images columns-default is-cropped wp-block-gallery-10 is-layout-flex wp-block-gallery-is-layout-flex\">\n<figure class=\"wp-block-image size-large\"><a href=\"https:\/\/radiosolaris.com.br\/beta\/wp-content\/uploads\/2022\/08\/Viera-da-Cunha.jpg\"><img  loading=\"lazy\"  decoding=\"async\"  width=\"1200\"  height=\"1200\"  data-id=\"85074\"  src=\"data:image\/png;base64,iVBORw0KGgoAAAANSUhEUgAAAAEAAAABAQMAAAAl21bKAAAAA1BMVEUAAP+KeNJXAAAAAXRSTlMAQObYZgAAAAlwSFlzAAAOxAAADsQBlSsOGwAAAApJREFUCNdjYAAAAAIAAeIhvDMAAAAASUVORK5CYII=\"  alt=\"\"  class=\"wp-image-85074 pk-lazyload\"  data-pk-sizes=\"auto\"  data-ls-sizes=\"auto, (max-width: 1200px) 100vw, 1200px\"  data-pk-src=\"https:\/\/radiosolaris.com.br\/beta\/wp-content\/uploads\/2022\/08\/Viera-da-Cunha.jpg\"  data-pk-srcset=\"https:\/\/radiosolaris.com.br\/beta\/wp-content\/uploads\/2022\/08\/Viera-da-Cunha.jpg 1200w, https:\/\/radiosolaris.com.br\/beta\/wp-content\/uploads\/2022\/08\/Viera-da-Cunha-150x150.jpg 150w, https:\/\/radiosolaris.com.br\/beta\/wp-content\/uploads\/2022\/08\/Viera-da-Cunha-300x300.jpg 300w, https:\/\/radiosolaris.com.br\/beta\/wp-content\/uploads\/2022\/08\/Viera-da-Cunha-768x768.jpg 768w, https:\/\/radiosolaris.com.br\/beta\/wp-content\/uploads\/2022\/08\/Viera-da-Cunha-1024x1024.jpg 1024w\" ><\/a><\/figure>\n<figcaption class=\"blocks-gallery-caption\"><strong>VIEIRA DA CUNHA (PDT)<br><\/strong>Aos 62 anos, Carlos Eduardo Viera da Cunha disputa pela segunda vez o governo Estadual. Pai de quatro filhos e procurador do Minist\u00e9rio P\u00fablico, Viera da Cunha, nasceu em Cachoeira do Sul. \u00c9 filiado ao PDT desde 1981. Foi vereador em Porto Alegre, deputado estadual por tr\u00eas mandatos, presidente da Assembleia Legislativa e duas vezes deputado federal. Em 2014, concorreu ao Piratini, mas n\u00e3o chegou ao segundo turno. Vieira da Cunha foi oficializado como candidato ao governo do Estado pelo PDT, no \u00faltimo s\u00e1bado (30), durante conven\u00e7\u00e3o realizada no Plen\u00e1rio Ot\u00e1vio Rocha. O vice n\u00e3o foi confirmado.<\/figcaption><\/figure>\n","protected":false},"excerpt":{"rendered":"<p>Defini\u00e7\u00f5es ocorreram neste final de semana nas conven\u00e7\u00f5es partid\u00e1rias O final de semana foi de agita\u00e7\u00e3o no cen\u00e1rio pol\u00edtico ga\u00facho. Depois da realiza\u00e7\u00e3o das conven\u00e7\u00f5es partid\u00e1rias, foram definidos os dez&hellip;<\/p>\n","protected":false},"author":13,"featured_media":10611,"comment_status":"closed","ping_status":"closed","sticky":false,"template":"","format":"standard","meta":{"_lmt_disableupdate":"","_lmt_disable":"","footnotes":""},"categories":[93],"tags":[12936,12937,4403,1630,935,10554,12934,12935,12938,1967,12939,12940,135,12941,197,992,283,12942],"powerkit_post_featured":[],"class_list":{"0":"post-85065","1":"post","2":"type-post","3":"status-publish","4":"format-standard","5":"has-post-thumbnail","7":"category-noticias-rs","8":"tag-beto-albuquerque","9":"tag-carlos-messalla","10":"tag-edegar-pretto","11":"tag-eduardo-leite","12":"tag-eleicoes","13":"tag-eleicoes-2022","14":"tag-eleicoes-governo-do-estado","15":"tag-governador-do-rs","16":"tag-luis-carlos-heinze","17":"tag-onyx-lorenzoni","18":"tag-rejane-de-oliveira","19":"tag-ricardo-jobim","20":"tag-rio-grande-do-sul","21":"tag-roberto-argente","22":"tag-rs","23":"tag-serra","24":"tag-serra-gaucha","25":"tag-viera-da-cunha"},"modified_by":"Filipe Brogliatto","_links":{"self":[{"href":"https:\/\/radiosolaris.com.br\/beta\/wp-json\/wp\/v2\/posts\/85065","targetHints":{"allow":["GET"]}}],"collection":[{"href":"https:\/\/radiosolaris.com.br\/beta\/wp-json\/wp\/v2\/posts"}],"about":[{"href":"https:\/\/radiosolaris.com.br\/beta\/wp-json\/wp\/v2\/types\/post"}],"author":[{"embeddable":true,"href":"https:\/\/radiosolaris.com.br\/beta\/wp-json\/wp\/v2\/users\/13"}],"replies":[{"embeddable":true,"href":"https:\/\/radiosolaris.com.br\/beta\/wp-json\/wp\/v2\/comments?post=85065"}],"version-history":[{"count":0,"href":"https:\/\/radiosolaris.com.br\/beta\/wp-json\/wp\/v2\/posts\/85065\/revisions"}],"wp:featuredmedia":[{"embeddable":true,"href":"https:\/\/radiosolaris.com.br\/beta\/wp-json\/wp\/v2\/media\/10611"}],"wp:attachment":[{"href":"https:\/\/radiosolaris.com.br\/beta\/wp-json\/wp\/v2\/media?parent=85065"}],"wp:term":[{"taxonomy":"category","embeddable":true,"href":"https:\/\/radiosolaris.com.br\/beta\/wp-json\/wp\/v2\/categories?post=85065"},{"taxonomy":"post_tag","embeddable":true,"href":"https:\/\/radiosolaris.com.br\/beta\/wp-json\/wp\/v2\/tags?post=85065"},{"taxonomy":"powerkit_post_featured","embeddable":true,"href":"https:\/\/radiosolaris.com.br\/beta\/wp-json\/wp\/v2\/powerkit_post_featured?post=85065"}],"curies":[{"name":"wp","href":"https:\/\/api.w.org\/{rel}","templated":true}]}}