{"id":85055,"date":"2022-08-01T10:17:50","date_gmt":"2022-08-01T13:17:50","guid":{"rendered":"https:\/\/radiosolaris.com.br\/beta\/?p=85055"},"modified":"2022-08-01T10:17:52","modified_gmt":"2022-08-01T13:17:52","slug":"demandas-do-bairro-imigrante-sao-listadas-no-camara-dos-bairros","status":"publish","type":"post","link":"https:\/\/radiosolaris.com.br\/beta\/demandas-do-bairro-imigrante-sao-listadas-no-camara-dos-bairros\/","title":{"rendered":"Demandas do bairro Imigrante s\u00e3o listadas no C\u00e2mara dos Bairros"},"content":{"rendered":"\n<h4 id=\"o-programa-do-legislativo-pradense-visa-arrecadar-as-demandas-dos-moradores-de-bairros-do-municipio\" class=\"wp-block-heading\">O Programa do Legislativo Pradense visa arrecadar as demandas dos moradores de bairros do munic\u00edpio<\/h4>\n\n\n\n<p>No dia 02 de julho, o C\u00e2mara nos Bairros foi realizado no bairro Pradense, Imigrante em que os vereadores ouviram e listaram as demandas dos moradores, que foram as seguintes:<br><br>&#8211; Instala\u00e7\u00e3o de tach\u00e3o refletivo bidirecional para sinalizar a divis\u00e3o e os sentidos da Rua Cl\u00f3vis Jos\u00e9 M\u00e2nica;<br><br>&#8211; Estudo de engenharia para corre\u00e7\u00e3o dos acessos ao bairro Imigrante pela Avenida Sete de Setembro;<br><br>&#8211; Instala\u00e7\u00e3o de uma lombada em frente \u00e0 Loja Imp\u00e9rio Boutique Decor;<br><br>&#8211; Substitui\u00e7\u00e3o de uma l\u00e2mpada queimada localizada na rua Cl\u00f3vis Jos\u00e9 M\u00e2nica, pr\u00f3ximo \u00e0 esquina com a rua Argentina;<br><br>&#8211; Reiterar o Pedido de Provid\u00eancia n\u00b020\/2022, que solicita a remo\u00e7\u00e3o de dois indiv\u00edduos de Pinus que est\u00e3o localizados na Rua Leonildo Munarini, Bairro Imigrante, pr\u00f3ximo \u00e0 resid\u00eancia de n\u00famero 40;<br><br>&#8211; Instala\u00e7\u00e3o de tubula\u00e7\u00e3o de esgoto por toda a extens\u00e3o da Rua Ot\u00e1vio Golin.<br><br>Importante salientar que todas as demandas listadas acima partiram do anseio e das necessidades dos mun\u00edcipes que se fizeram presentes.<\/p>\n","protected":false},"excerpt":{"rendered":"<p>O Programa do Legislativo Pradense visa arrecadar as demandas dos moradores de bairros do munic\u00edpio No dia 02 de julho, o C\u00e2mara nos Bairros foi realizado no bairro Pradense, Imigrante&hellip;<\/p>\n","protected":false},"author":1,"featured_media":85056,"comment_status":"closed","ping_status":"closed","sticky":false,"template":"","format":"standard","meta":{"_lmt_disableupdate":"","_lmt_disable":"","footnotes":""},"categories":[83],"tags":[12890,11092,6943],"powerkit_post_featured":[],"class_list":{"0":"post-85055","1":"post","2":"type-post","3":"status-publish","4":"format-standard","5":"has-post-thumbnail","7":"category-serra-gaucha","8":"tag-bairro-imigrante","9":"tag-camara-nos-bairros","10":"tag-legislativo-pradense"},"modified_by":null,"_links":{"self":[{"href":"https:\/\/radiosolaris.com.br\/beta\/wp-json\/wp\/v2\/posts\/85055","targetHints":{"allow":["GET"]}}],"collection":[{"href":"https:\/\/radiosolaris.com.br\/beta\/wp-json\/wp\/v2\/posts"}],"about":[{"href":"https:\/\/radiosolaris.com.br\/beta\/wp-json\/wp\/v2\/types\/post"}],"author":[{"embeddable":true,"href":"https:\/\/radiosolaris.com.br\/beta\/wp-json\/wp\/v2\/users\/1"}],"replies":[{"embeddable":true,"href":"https:\/\/radiosolaris.com.br\/beta\/wp-json\/wp\/v2\/comments?post=85055"}],"version-history":[{"count":0,"href":"https:\/\/radiosolaris.com.br\/beta\/wp-json\/wp\/v2\/posts\/85055\/revisions"}],"wp:featuredmedia":[{"embeddable":true,"href":"https:\/\/radiosolaris.com.br\/beta\/wp-json\/wp\/v2\/media\/85056"}],"wp:attachment":[{"href":"https:\/\/radiosolaris.com.br\/beta\/wp-json\/wp\/v2\/media?parent=85055"}],"wp:term":[{"taxonomy":"category","embeddable":true,"href":"https:\/\/radiosolaris.com.br\/beta\/wp-json\/wp\/v2\/categories?post=85055"},{"taxonomy":"post_tag","embeddable":true,"href":"https:\/\/radiosolaris.com.br\/beta\/wp-json\/wp\/v2\/tags?post=85055"},{"taxonomy":"powerkit_post_featured","embeddable":true,"href":"https:\/\/radiosolaris.com.br\/beta\/wp-json\/wp\/v2\/powerkit_post_featured?post=85055"}],"curies":[{"name":"wp","href":"https:\/\/api.w.org\/{rel}","templated":true}]}}