{"id":84953,"date":"2022-07-29T16:32:48","date_gmt":"2022-07-29T19:32:48","guid":{"rendered":"https:\/\/radiosolaris.com.br\/beta\/?p=84953"},"modified":"2022-07-29T16:32:50","modified_gmt":"2022-07-29T19:32:50","slug":"projeto-mulheres-em-acao-forma-mais-uma-turma-de-curso-de-auxiliar-de-cozinha-em-caxias","status":"publish","type":"post","link":"https:\/\/radiosolaris.com.br\/beta\/projeto-mulheres-em-acao-forma-mais-uma-turma-de-curso-de-auxiliar-de-cozinha-em-caxias\/","title":{"rendered":"Projeto Mulheres em A\u00e7\u00e3o forma mais uma turma de curso de auxiliar de cozinha em Caxias"},"content":{"rendered":"\n<h4 id=\"atividade-capacitou-profissionalmente-14-mulheres\" class=\"wp-block-heading\">Atividade capacitou profissionalmente 14 mulheres<\/h4>\n\n\n\n<p>O projeto \u201cMulheres em A\u00e7\u00e3o\u201d realizou a formatura de mais uma turma do curso de auxiliar de cozinha. A iniciativa \u00e9 fruto de parceria entre a Coordenadoria da Mulher, vinculada \u00e0 Secretaria de Seguran\u00e7a P\u00fablica e Prote\u00e7\u00e3o Social, Brinox, Express Restaurantes Empresariais e Centro de Forma\u00e7\u00e3o M\u00e3o Amiga.<\/p>\n\n\n\n<p>Esta edi\u00e7\u00e3o proporcionou capacita\u00e7\u00e3o profissional a 14 mulheres que passam a ter melhores condi\u00e7\u00f5es de ingresso e reingresso no mercado de trabalho. O trabalho, segundo a titular da Coordenadoria da Mulher, Sonia Rossetti, \u00e9 um dos fatores que favorece a preven\u00e7\u00e3o \u00e0 viol\u00eancia dom\u00e9stica. Em 2021, duas turmas de mulheres tamb\u00e9m receberam forma\u00e7\u00e3o pelo projeto.<\/p>\n\n\n\n<p>Sonia afirma que o empoderamento feminino passa pelo acesso \u00e0s possibilidades de ter garantidos seus direitos. \u201cA capacita\u00e7\u00e3o profissional e o acesso ao mercado de trabalho caminham nessa dire\u00e7\u00e3o\u201d, pondera. Pontua ainda que investir na equidade de g\u00eanero no mundo do trabalho, al\u00e9m de contribuir com os neg\u00f3cios, influencia no crescimento econ\u00f4mico, social e pol\u00edtico do pa\u00eds. A formatura foi acompanhada pela vice-prefeita Paula Ioris, vereadoras Estela Balardin e Marisol Santos, e diretora de Prote\u00e7\u00e3o Social da secretaria, Suely Rech.<\/p>\n\n\n\n<p><\/p>\n\n\n\n<figure class=\"wp-block-image size-large\"><img  decoding=\"async\"  src=\"data:image\/png;base64,iVBORw0KGgoAAAANSUhEUgAABIgAAAJdAQMAAABjwd4mAAAAA1BMVEUAAP+KeNJXAAAAAXRSTlMAQObYZgAAAAlwSFlzAAAOxAAADsQBlSsOGwAAAGxJREFUeNrtwTEBAAAAwqD1T20KP6AAAAAAAAAAAAAAAAAAAAAAAAAAAAAAAAAAAAAAAAAAAAAAAAAAAAAAAAAAAAAAAAAAAAAAAAAAAAAAAAAAAAAAAAAAAAAAAAAAAAAAAAAAAAAAAAAA4GlZGQABnjzdnwAAAABJRU5ErkJggg==\"  alt=\"\"  class=\"wp-image-84954 pk-lazyload\"  data-pk-sizes=\"auto\"  data-pk-src=\"https:\/\/radiosolaris.com.br\/beta\/wp-content\/uploads\/2022\/07\/Formatura-1024x534.jpg\" ><figcaption>Foto: Divulga\u00e7\u00e3o<\/figcaption><\/figure>\n","protected":false},"excerpt":{"rendered":"<p>Atividade capacitou profissionalmente 14 mulheres O projeto \u201cMulheres em A\u00e7\u00e3o\u201d realizou a formatura de mais uma turma do curso de auxiliar de cozinha. A iniciativa \u00e9 fruto de parceria entre&hellip;<\/p>\n","protected":false},"author":19,"featured_media":84954,"comment_status":"closed","ping_status":"closed","sticky":false,"template":"","format":"standard","meta":{"_lmt_disableupdate":"","_lmt_disable":"","footnotes":""},"categories":[83],"tags":[148,12911,226,12912,326,283],"powerkit_post_featured":[],"class_list":{"0":"post-84953","1":"post","2":"type-post","3":"status-publish","4":"format-standard","5":"has-post-thumbnail","7":"category-serra-gaucha","8":"tag-caxias-do-sul","9":"tag-curso-de-auxiliar-de-cozinha","10":"tag-formatura","11":"tag-mulheres-em-acao","12":"tag-projeto","13":"tag-serra-gaucha"},"modified_by":"Luciano Pettorini","_links":{"self":[{"href":"https:\/\/radiosolaris.com.br\/beta\/wp-json\/wp\/v2\/posts\/84953","targetHints":{"allow":["GET"]}}],"collection":[{"href":"https:\/\/radiosolaris.com.br\/beta\/wp-json\/wp\/v2\/posts"}],"about":[{"href":"https:\/\/radiosolaris.com.br\/beta\/wp-json\/wp\/v2\/types\/post"}],"author":[{"embeddable":true,"href":"https:\/\/radiosolaris.com.br\/beta\/wp-json\/wp\/v2\/users\/19"}],"replies":[{"embeddable":true,"href":"https:\/\/radiosolaris.com.br\/beta\/wp-json\/wp\/v2\/comments?post=84953"}],"version-history":[{"count":0,"href":"https:\/\/radiosolaris.com.br\/beta\/wp-json\/wp\/v2\/posts\/84953\/revisions"}],"wp:featuredmedia":[{"embeddable":true,"href":"https:\/\/radiosolaris.com.br\/beta\/wp-json\/wp\/v2\/media\/84954"}],"wp:attachment":[{"href":"https:\/\/radiosolaris.com.br\/beta\/wp-json\/wp\/v2\/media?parent=84953"}],"wp:term":[{"taxonomy":"category","embeddable":true,"href":"https:\/\/radiosolaris.com.br\/beta\/wp-json\/wp\/v2\/categories?post=84953"},{"taxonomy":"post_tag","embeddable":true,"href":"https:\/\/radiosolaris.com.br\/beta\/wp-json\/wp\/v2\/tags?post=84953"},{"taxonomy":"powerkit_post_featured","embeddable":true,"href":"https:\/\/radiosolaris.com.br\/beta\/wp-json\/wp\/v2\/powerkit_post_featured?post=84953"}],"curies":[{"name":"wp","href":"https:\/\/api.w.org\/{rel}","templated":true}]}}