{"id":84907,"date":"2022-07-29T10:21:42","date_gmt":"2022-07-29T13:21:42","guid":{"rendered":"https:\/\/radiosolaris.com.br\/beta\/?p=84907"},"modified":"2022-08-01T10:27:54","modified_gmt":"2022-08-01T13:27:54","slug":"caxias-do-sul-confirma-o-primeiro-caso-de-variola-dos-macacos","status":"publish","type":"post","link":"https:\/\/radiosolaris.com.br\/beta\/caxias-do-sul-confirma-o-primeiro-caso-de-variola-dos-macacos\/","title":{"rendered":"Caxias do Sul confirma o primeiro caso de Var\u00edola dos Macacos"},"content":{"rendered":"\n<h4 id=\"segundo-a-secretaria-de-saude-trata-se-de-uma-mulher-com-idade-nao-divulgada-e-que-nao-tem-historico-de-viagem-internacional\" class=\"wp-block-heading\">Segundo a Secretaria de Sa\u00fade, trata-se de uma mulher com idade n\u00e3o divulgada e que n\u00e3o tem hist\u00f3rico de viagem internacional<\/h4>\n\n\n\n<p>O primeiro caso de Var\u00edola de Macacos em Caxias do Sul foi confirmado pela Secretaria Estadual de Sa\u00fade (SES) nesta quinta-feira (29). Trate-se de uma mulher com idade n\u00e3o divulgada. Segundo a SES, a moradora de Caxias n\u00e3o tem hist\u00f3rico de viagem internacional. Por isso, est\u00e1 sendo investigado um poss\u00edvel contato com pessoas que tenham viajado e apresentado sintomas para a doen\u00e7a.<\/p>\n\n\n\n<p>A paciente procurou a rede de sa\u00fade, recebeu atendimento m\u00e9dico e foi orientada a permanecer em isolamento domiciliar mesmo antes do resultado do exame. Com a confirma\u00e7\u00e3o, a Vigil\u00e2ncia Epidemiol\u00f3gica da Secretaria Municipal da Sa\u00fade (SMS) passa a realizar o acompanhamento de todos os contatantes em busca de poss\u00edveis casos suspeitos na cidade. A paciente segue sendo monitorada.<\/p>\n\n\n\n<p>A doen\u00e7a chega \u00e0 Serra quase dois meses ap\u00f3s a confirma\u00e7\u00e3o do primeiro caso confirmado no Estado. Segundo a SES, este \u00e9 o quinto paciente diagnosticado com a doen\u00e7a no Rio Grande do Sul. Ainda conforme a pasta, o primeiro registro da doen\u00e7a em territ\u00f3rio ga\u00facho se tratava de um homem de 51 anos que era morador de Porto Alegre, ao qual foi diagnosticado no dia 12 de junho.<\/p>\n\n\n\n<p>J\u00e1 o segundo caso, foi de um homem de 34 anos no dia 17 de junho. Os outros dois diagn\u00f3sticos foram em julho: um no dia 9, em uma mulher de 52 anos, moradora de Uruguaiana e, at\u00e9 ent\u00e3o o mais recente, em 14 de julho, em um homem que reside na Regi\u00e3o Metropolitana de Porto Alegre.<\/p>\n\n\n\n<p>O crescimento do n\u00famero de diagn\u00f3sticos da Var\u00edola dos Macacos fez a Organiza\u00e7\u00e3o Mundial da Sa\u00fade (OMS) declarar a doen\u00e7a emerg\u00eancia de sa\u00fade global no \u00faltimo s\u00e1bado (23). A Var\u00edola dos macacos, ou monkeypox, \u00e9 uma doen\u00e7a viral. A transmiss\u00e3o ocorre pela exposi\u00e7\u00e3o pr\u00f3xima e prolongada com pessoa infectada e sem m\u00e1scara, contato f\u00edsico direto (incluindo contato sexual, mesmo com uso de preservativo) ou contato com materiais contaminados, como roupas, toalhas, talheres, len\u00e7\u00f3is e outros<\/p>\n\n\n\n<p><em>Foto meramente ilustrativa**<\/em><\/p>\n","protected":false},"excerpt":{"rendered":"<p>Segundo a Secretaria de Sa\u00fade, trata-se de uma mulher com idade n\u00e3o divulgada e que n\u00e3o tem hist\u00f3rico de viagem internacional O primeiro caso de Var\u00edola de Macacos em Caxias&hellip;<\/p>\n","protected":false},"author":16,"featured_media":84909,"comment_status":"closed","ping_status":"closed","sticky":false,"template":"","format":"standard","meta":{"_lmt_disableupdate":"","_lmt_disable":"","footnotes":""},"categories":[83],"tags":[294,148,12892,135,197,903,4156,283,11532,12893],"powerkit_post_featured":[],"class_list":{"0":"post-84907","1":"post","2":"type-post","3":"status-publish","4":"format-standard","5":"has-post-thumbnail","7":"category-serra-gaucha","8":"tag-caxias","9":"tag-caxias-do-sul","10":"tag-moradora-de-caxias-do-sul","11":"tag-rio-grande-do-sul","12":"tag-rs","13":"tag-secretaria-da-saude","14":"tag-secretaria-municipal-da-saude","15":"tag-serra-gaucha","16":"tag-variola-dos-macacos","17":"tag-vigilancia-epidemiologica-da-secretaria-municipal-da-saude"},"modified_by":"Bruna Picinini","_links":{"self":[{"href":"https:\/\/radiosolaris.com.br\/beta\/wp-json\/wp\/v2\/posts\/84907","targetHints":{"allow":["GET"]}}],"collection":[{"href":"https:\/\/radiosolaris.com.br\/beta\/wp-json\/wp\/v2\/posts"}],"about":[{"href":"https:\/\/radiosolaris.com.br\/beta\/wp-json\/wp\/v2\/types\/post"}],"author":[{"embeddable":true,"href":"https:\/\/radiosolaris.com.br\/beta\/wp-json\/wp\/v2\/users\/16"}],"replies":[{"embeddable":true,"href":"https:\/\/radiosolaris.com.br\/beta\/wp-json\/wp\/v2\/comments?post=84907"}],"version-history":[{"count":0,"href":"https:\/\/radiosolaris.com.br\/beta\/wp-json\/wp\/v2\/posts\/84907\/revisions"}],"wp:featuredmedia":[{"embeddable":true,"href":"https:\/\/radiosolaris.com.br\/beta\/wp-json\/wp\/v2\/media\/84909"}],"wp:attachment":[{"href":"https:\/\/radiosolaris.com.br\/beta\/wp-json\/wp\/v2\/media?parent=84907"}],"wp:term":[{"taxonomy":"category","embeddable":true,"href":"https:\/\/radiosolaris.com.br\/beta\/wp-json\/wp\/v2\/categories?post=84907"},{"taxonomy":"post_tag","embeddable":true,"href":"https:\/\/radiosolaris.com.br\/beta\/wp-json\/wp\/v2\/tags?post=84907"},{"taxonomy":"powerkit_post_featured","embeddable":true,"href":"https:\/\/radiosolaris.com.br\/beta\/wp-json\/wp\/v2\/powerkit_post_featured?post=84907"}],"curies":[{"name":"wp","href":"https:\/\/api.w.org\/{rel}","templated":true}]}}