{"id":84861,"date":"2022-07-28T16:04:02","date_gmt":"2022-07-28T19:04:02","guid":{"rendered":"https:\/\/radiosolaris.com.br\/beta\/?p=84861"},"modified":"2022-07-28T16:04:04","modified_gmt":"2022-07-28T19:04:04","slug":"associacao-cultural-fare-amicci-convida-comunidade-para-a-9a-noite-italiana-de-ana-rech-em-caxias-do-sul","status":"publish","type":"post","link":"https:\/\/radiosolaris.com.br\/beta\/associacao-cultural-fare-amicci-convida-comunidade-para-a-9a-noite-italiana-de-ana-rech-em-caxias-do-sul\/","title":{"rendered":"Associa\u00e7\u00e3o Cultural Fare Amicci convida comunidade para a 9\u00aa Noite Italiana de Ana Rech, em Caxias do Sul"},"content":{"rendered":"\n<h4 id=\"a-festividade-ocorre-no-dia-15-de-outubro-e-contara-com-comidas-tipicas-da-cultura-italiana-e-apresentacoes-artisticas\" class=\"wp-block-heading\">A festividade ocorre no dia 15 de outubro  e contar\u00e1 com comidas t\u00edpicas da cultura italiana e apresenta\u00e7\u00f5es art\u00edsticas<\/h4>\n\n\n\n<p>O Legislativo caxiense recebeu, na plen\u00e1ria desta quinta-feira (28), a Associa\u00e7\u00e3o Cultural Fare Amicci. A entidade atua com dan\u00e7as folcl\u00f3ricas italianas em Caxias do Sul h\u00e1 21 anos. A presidente do Fare Amicci, Neuza Andriolo, que esteve acompanhada de representantes do grupo, aproveitou o espa\u00e7o para convidar a comunidade e todos os presentes para prestigiar a 9\u00aa Noite Italiana, no dia 15 de outubro em Ana Rech.<\/p>\n\n\n\n<figure class=\"wp-block-gallery has-nested-images columns-default is-cropped wp-block-gallery-1 is-layout-flex wp-block-gallery-is-layout-flex\">\n<figure class=\"wp-block-image size-large\"><a href=\"https:\/\/radiosolaris.com.br\/beta\/wp-content\/uploads\/2022\/07\/82d312f6e360c89bbbcf8756d98508cd.jpeg\"><img  decoding=\"async\"  data-id=\"84864\"  src=\"data:image\/png;base64,iVBORw0KGgoAAAANSUhEUgAAAAEAAAABAQMAAAAl21bKAAAAA1BMVEUAAP+KeNJXAAAAAXRSTlMAQObYZgAAAAlwSFlzAAAOxAAADsQBlSsOGwAAAApJREFUCNdjYAAAAAIAAeIhvDMAAAAASUVORK5CYII=\"  alt=\"\"  class=\"wp-image-84864 pk-lazyload\"  data-pk-sizes=\"auto\"  data-pk-src=\"https:\/\/radiosolaris.com.br\/beta\/wp-content\/uploads\/2022\/07\/82d312f6e360c89bbbcf8756d98508cd-1024x682.jpeg\" ><\/a><\/figure>\n<figcaption class=\"blocks-gallery-caption\">Foto: Bianca Prezzi\/C\u00e2mara de Vereadores<\/figcaption><\/figure>\n\n\n\n<p>Neusa explicou que a programa\u00e7\u00e3o da festividade contar\u00e1 com comidas t\u00edpicas da cultura italiana e apresenta\u00e7\u00f5es da Associa\u00e7\u00e3o e de grupos convidados como a banda musical caxiense Girotondo. A abertura da 9\u00aa Noite Italiana est\u00e1 prevista para \u00e0s 19h30, no CTG Ginetes da Tradi\u00e7\u00e3o, que fica na rua Leonardo Murialdo. <\/p>\n\n\n\n<p>Em sua fala, Neusa tamb\u00e9m disse que h\u00e1 s\u00e3o d\u00e9cadas de hist\u00f3ria da Fare Amicci, fundada na comunidade de Santa B\u00e1rbara de Ana Rech. De acordo com ela, hoje, a Fare Amicci possui 40 colaboradores, dos sete aos 77 anos.<\/p>\n\n\n\n<p>Destacou ainda a diversidade de culturas abra\u00e7adas pela Associa\u00e7\u00e3o e pelo munic\u00edpio como um todo. \u201cNosso grupo \u00e9 composto por v\u00e1rias etnias, como Caxias h\u00e1 muito tempo j\u00e1 tem integrado. Nosso grupo tem descendentes de italianos, afros, polacos, alem\u00e3es e luso-brasileiros\u201d, relatou.<\/p>\n","protected":false},"excerpt":{"rendered":"<p>A festividade ocorre no dia 15 de outubro e contar\u00e1 com comidas t\u00edpicas da cultura italiana e apresenta\u00e7\u00f5es art\u00edsticas O Legislativo caxiense recebeu, na plen\u00e1ria desta quinta-feira (28), a Associa\u00e7\u00e3o&hellip;<\/p>\n","protected":false},"author":17,"featured_media":84864,"comment_status":"closed","ping_status":"closed","sticky":false,"template":"","format":"standard","meta":{"_lmt_disableupdate":"","_lmt_disable":"","footnotes":""},"categories":[83],"tags":[12882,8273,12883,148,952,283],"powerkit_post_featured":[],"class_list":{"0":"post-84861","1":"post","2":"type-post","3":"status-publish","4":"format-standard","5":"has-post-thumbnail","7":"category-serra-gaucha","8":"tag-9a-noite-italiana","9":"tag-ana-rech","10":"tag-associacao-cultura-fare-amicci","11":"tag-caxias-do-sul","12":"tag-noite-italiana","13":"tag-serra-gaucha"},"modified_by":"Igor Panzenhagen","_links":{"self":[{"href":"https:\/\/radiosolaris.com.br\/beta\/wp-json\/wp\/v2\/posts\/84861","targetHints":{"allow":["GET"]}}],"collection":[{"href":"https:\/\/radiosolaris.com.br\/beta\/wp-json\/wp\/v2\/posts"}],"about":[{"href":"https:\/\/radiosolaris.com.br\/beta\/wp-json\/wp\/v2\/types\/post"}],"author":[{"embeddable":true,"href":"https:\/\/radiosolaris.com.br\/beta\/wp-json\/wp\/v2\/users\/17"}],"replies":[{"embeddable":true,"href":"https:\/\/radiosolaris.com.br\/beta\/wp-json\/wp\/v2\/comments?post=84861"}],"version-history":[{"count":0,"href":"https:\/\/radiosolaris.com.br\/beta\/wp-json\/wp\/v2\/posts\/84861\/revisions"}],"wp:featuredmedia":[{"embeddable":true,"href":"https:\/\/radiosolaris.com.br\/beta\/wp-json\/wp\/v2\/media\/84864"}],"wp:attachment":[{"href":"https:\/\/radiosolaris.com.br\/beta\/wp-json\/wp\/v2\/media?parent=84861"}],"wp:term":[{"taxonomy":"category","embeddable":true,"href":"https:\/\/radiosolaris.com.br\/beta\/wp-json\/wp\/v2\/categories?post=84861"},{"taxonomy":"post_tag","embeddable":true,"href":"https:\/\/radiosolaris.com.br\/beta\/wp-json\/wp\/v2\/tags?post=84861"},{"taxonomy":"powerkit_post_featured","embeddable":true,"href":"https:\/\/radiosolaris.com.br\/beta\/wp-json\/wp\/v2\/powerkit_post_featured?post=84861"}],"curies":[{"name":"wp","href":"https:\/\/api.w.org\/{rel}","templated":true}]}}