{"id":84797,"date":"2022-07-28T09:57:08","date_gmt":"2022-07-28T12:57:08","guid":{"rendered":"https:\/\/radiosolaris.com.br\/beta\/?p=84797"},"modified":"2022-07-28T11:24:23","modified_gmt":"2022-07-28T14:24:23","slug":"homem-e-detido-apos-colidir-carreta-em-veiculo-parado-no-patio-de-posto-de-farroupilha","status":"publish","type":"post","link":"https:\/\/radiosolaris.com.br\/beta\/homem-e-detido-apos-colidir-carreta-em-veiculo-parado-no-patio-de-posto-de-farroupilha\/","title":{"rendered":"Homem \u00e9 detido ap\u00f3s colidir carreta em ve\u00edculo parado no p\u00e1tio de posto de Farroupilha"},"content":{"rendered":"\n<h4 id=\"fato-foi-registrado-na-madrugada-desta-quinta-feira-28-no-km-55-da-ers-122\" class=\"wp-block-heading\">Fato foi registrado na madrugada desta quinta-feira (28), no km 55 da ERS-122<\/h4>\n\n\n\n<p>Um homem de 47 anos foi detido pela Brigada Militar ap\u00f3s causar um acidente em um posto de combust\u00edveis localizado no km 55 da ERS-122, na localidade de Nova Milano, em Farroupilha. O fato aconteceu por volta das 2h desta quinta-feira (28).<\/p>\n\n\n\n<p>De acordo com boletim de ocorr\u00eancia, o homem dirigia uma carreta com semirreboque e, ao acessar o p\u00e1tio do posto, chocou-se contra outra carreta que estava parada. Os dois ve\u00edculos ficaram danificados. Al\u00e9m disso, segundo testemunhas, o motorista colidiu em um muro de pedras e seguia acelerando o caminh\u00e3o.<\/p>\n\n\n\n<p>Quando a guarni\u00e7\u00e3o chegou ao local, o indiv\u00edduo apresentava sinais de que estaria bastante alterado. Quando foi abordado, o condutor entrou em surto e em luta corporal com os policiais, sendo necess\u00e1rio utilizar t\u00e9cnicas mais eficientes com uso moderado de for\u00e7a e algemas para cont\u00ea-lo.<\/p>\n\n\n\n<p>Ap\u00f3s ser detido, o homem foi levado pelo Servi\u00e7o de Atendimento M\u00f3vel de Urg\u00eancia (Samu) ao Hospital, onde permanece internado. Na casa de sa\u00fade, ele afirmava repetidamente que havia um indiv\u00edduo com nome de Gelson ao seu lado, sendo que estava sozinho no caminh\u00e3o. Al\u00e9m disso, o motorista tinha vest\u00edgios de um p\u00f3 branco no nariz.<\/p>\n\n\n\n<p>Como n\u00e3o havia nenhuma outra pessoa para dirigir o ve\u00edculo, o mesmo foi recolhido administrativamente pela BM e a ocorr\u00eancia foi registrada pela Delegacia de Pol\u00edcia de Pronto Atendimento (DPPA).<\/p>\n","protected":false},"excerpt":{"rendered":"<p>Fato foi registrado na madrugada desta quinta-feira (28), no km 55 da ERS-122 Um homem de 47 anos foi detido pela Brigada Militar ap\u00f3s causar um acidente em um posto&hellip;<\/p>\n","protected":false},"author":13,"featured_media":84798,"comment_status":"closed","ping_status":"closed","sticky":false,"template":"","format":"standard","meta":{"_lmt_disableupdate":"","_lmt_disable":"","footnotes":""},"categories":[83],"tags":[307,6552,580,578,424,12871,505,992,283],"powerkit_post_featured":[],"class_list":{"0":"post-84797","1":"post","2":"type-post","3":"status-publish","4":"format-standard","5":"has-post-thumbnail","7":"category-serra-gaucha","8":"tag-acidente","9":"tag-acidente-de-transito","10":"tag-caminhao","11":"tag-colisao","12":"tag-farroupilha","13":"tag-nova-milano","14":"tag-seguranca-publica","15":"tag-serra","16":"tag-serra-gaucha"},"modified_by":"Filipe Brogliatto","_links":{"self":[{"href":"https:\/\/radiosolaris.com.br\/beta\/wp-json\/wp\/v2\/posts\/84797","targetHints":{"allow":["GET"]}}],"collection":[{"href":"https:\/\/radiosolaris.com.br\/beta\/wp-json\/wp\/v2\/posts"}],"about":[{"href":"https:\/\/radiosolaris.com.br\/beta\/wp-json\/wp\/v2\/types\/post"}],"author":[{"embeddable":true,"href":"https:\/\/radiosolaris.com.br\/beta\/wp-json\/wp\/v2\/users\/13"}],"replies":[{"embeddable":true,"href":"https:\/\/radiosolaris.com.br\/beta\/wp-json\/wp\/v2\/comments?post=84797"}],"version-history":[{"count":0,"href":"https:\/\/radiosolaris.com.br\/beta\/wp-json\/wp\/v2\/posts\/84797\/revisions"}],"wp:featuredmedia":[{"embeddable":true,"href":"https:\/\/radiosolaris.com.br\/beta\/wp-json\/wp\/v2\/media\/84798"}],"wp:attachment":[{"href":"https:\/\/radiosolaris.com.br\/beta\/wp-json\/wp\/v2\/media?parent=84797"}],"wp:term":[{"taxonomy":"category","embeddable":true,"href":"https:\/\/radiosolaris.com.br\/beta\/wp-json\/wp\/v2\/categories?post=84797"},{"taxonomy":"post_tag","embeddable":true,"href":"https:\/\/radiosolaris.com.br\/beta\/wp-json\/wp\/v2\/tags?post=84797"},{"taxonomy":"powerkit_post_featured","embeddable":true,"href":"https:\/\/radiosolaris.com.br\/beta\/wp-json\/wp\/v2\/powerkit_post_featured?post=84797"}],"curies":[{"name":"wp","href":"https:\/\/api.w.org\/{rel}","templated":true}]}}