{"id":84758,"date":"2022-07-27T16:38:20","date_gmt":"2022-07-27T19:38:20","guid":{"rendered":"https:\/\/radiosolaris.com.br\/beta\/?p=84758"},"modified":"2022-07-27T16:38:24","modified_gmt":"2022-07-27T19:38:24","slug":"criancas-de-quatro-anos-poderao-se-vacinar-contra-covid-19-a-partir-de-quinta-feira-28-em-caxias","status":"publish","type":"post","link":"https:\/\/radiosolaris.com.br\/beta\/criancas-de-quatro-anos-poderao-se-vacinar-contra-covid-19-a-partir-de-quinta-feira-28-em-caxias\/","title":{"rendered":"Crian\u00e7as de quatro anos poder\u00e3o se vacinar contra covid-19 a partir de quinta-feira (28), em Caxias"},"content":{"rendered":"\n<h4 id=\"imunizacao-desse-publico-ocorre-em-sete-ubss-de-caxias-do-sul-nas-tercas-e-quintas-feiras-criancas-de-tres-anos-com-imunossupressao-seguem-contempladas\" class=\"wp-block-heading\">Imuniza\u00e7\u00e3o desse p\u00fablico ocorre em sete UBSs de Caxias do Sul, nas ter\u00e7as e quintas-feiras; crian\u00e7as de tr\u00eas anos com imunossupress\u00e3o seguem contempladas<\/h4>\n\n\n\n<p>A Secretaria da Sa\u00fade de Caxias do Sul, libera, a partir de quinta-feira (28), a vacina\u00e7\u00e3o contra covid-19 para crian\u00e7as de quatro anos em geral. Tamb\u00e9m seguem contempladas as crian\u00e7as de tr\u00eas anos imunocomprometidas (casos mencionados em <a href=\"https:\/\/radiosolaris.com.br\/beta\/saiba-onde-se-vacinar-contra-a-covid-19-em-caxias-do-sul\/\" data-type=\"post\" data-id=\"82661\">tinyurl.com\/casos-imuno<\/a>).<\/p>\n\n\n\n<p>A popula\u00e7\u00e3o estimada de crian\u00e7as de quatro anos \u00e9 de 6,8 mil e, de tr\u00eas, 6,5 mil, inclu\u00eddas aquelas com quadro de imunossupress\u00e3o. Como o Munic\u00edpio recebeu um lote de apenas 3 mil doses de coronavac e precisa garantir a aplica\u00e7\u00e3o da segunda dose, a imuniza\u00e7\u00e3o das crian\u00e7as ocorrer\u00e1 enquanto houver disponibilidade de doses. As crian\u00e7as que n\u00e3o se vacinarem neste momento ser\u00e3o atendidas \u00e0 medida que Caxias do Sul receber novas remessas.<\/p>\n\n\n\n<p>A imuniza\u00e7\u00e3o das crian\u00e7as de tr\u00eas e quatro anos ocorre nas ter\u00e7as e quintas-feiras nas sete Unidades B\u00e1sicas de Sa\u00fade (UBSs) que atendem em hor\u00e1rio estendido at\u00e9 19h: Cinquenten\u00e1rio, Cruzeiro, Desvio Rizzo, Eldorado, Esplanada, Reolon e Vila Ip\u00ea. A vacina autorizada pelo Minist\u00e9rio da Sa\u00fade para crian\u00e7as de tr\u00eas e quatro anos \u00e9 a coronovac, aplicada em esquema de duas doses com intervalo de 28 dias.<\/p>\n\n\n\n<p><\/p>\n\n\n\n<figure class=\"wp-block-image size-large\"><img  decoding=\"async\"  src=\"data:image\/png;base64,iVBORw0KGgoAAAANSUhEUgAABIgAAAMFAQMAAAAla18IAAAAA1BMVEUAAP+KeNJXAAAAAXRSTlMAQObYZgAAAAlwSFlzAAAOxAAADsQBlSsOGwAAAIRJREFUeNrtwTEBAAAAwqD1T20LL6AAAAAAAAAAAAAAAAAAAAAAAAAAAAAAAAAAAAAAAAAAAAAAAAAAAAAAAAAAAAAAAAAAAAAAAAAAAAAAAAAAAAAAAAAAAAAAAAAAAAAAAAAAAAAAAAAAAAAAAAAAAAAAAAAAAAAAAAAAAAAAAAAA+Bq46QABBcE5SgAAAABJRU5ErkJggg==\"  alt=\"\"  class=\"wp-image-84759 pk-lazyload\"  data-pk-sizes=\"auto\"  data-pk-src=\"https:\/\/radiosolaris.com.br\/beta\/wp-content\/uploads\/2022\/07\/Vacinacao-infantil-CB-01-1024x683.jpg\" ><figcaption>Foto: <em>Cristiane Barcelos<\/em><\/figcaption><\/figure>\n","protected":false},"excerpt":{"rendered":"<p>Imuniza\u00e7\u00e3o desse p\u00fablico ocorre em sete UBSs de Caxias do Sul, nas ter\u00e7as e quintas-feiras; crian\u00e7as de tr\u00eas anos com imunossupress\u00e3o seguem contempladas A Secretaria da Sa\u00fade de Caxias do&hellip;<\/p>\n","protected":false},"author":19,"featured_media":84759,"comment_status":"closed","ping_status":"closed","sticky":false,"template":"","format":"standard","meta":{"_lmt_disableupdate":"","_lmt_disable":"","footnotes":""},"categories":[1855,83],"tags":[148,3137,1431,12860,283,396],"powerkit_post_featured":[],"class_list":{"0":"post-84758","1":"post","2":"type-post","3":"status-publish","4":"format-standard","5":"has-post-thumbnail","7":"category-saude","8":"category-serra-gaucha","9":"tag-caxias-do-sul","10":"tag-covid-19","11":"tag-criancas","12":"tag-quatro-anos","13":"tag-serra-gaucha","14":"tag-vacina"},"modified_by":"Luciano Pettorini","_links":{"self":[{"href":"https:\/\/radiosolaris.com.br\/beta\/wp-json\/wp\/v2\/posts\/84758","targetHints":{"allow":["GET"]}}],"collection":[{"href":"https:\/\/radiosolaris.com.br\/beta\/wp-json\/wp\/v2\/posts"}],"about":[{"href":"https:\/\/radiosolaris.com.br\/beta\/wp-json\/wp\/v2\/types\/post"}],"author":[{"embeddable":true,"href":"https:\/\/radiosolaris.com.br\/beta\/wp-json\/wp\/v2\/users\/19"}],"replies":[{"embeddable":true,"href":"https:\/\/radiosolaris.com.br\/beta\/wp-json\/wp\/v2\/comments?post=84758"}],"version-history":[{"count":0,"href":"https:\/\/radiosolaris.com.br\/beta\/wp-json\/wp\/v2\/posts\/84758\/revisions"}],"wp:featuredmedia":[{"embeddable":true,"href":"https:\/\/radiosolaris.com.br\/beta\/wp-json\/wp\/v2\/media\/84759"}],"wp:attachment":[{"href":"https:\/\/radiosolaris.com.br\/beta\/wp-json\/wp\/v2\/media?parent=84758"}],"wp:term":[{"taxonomy":"category","embeddable":true,"href":"https:\/\/radiosolaris.com.br\/beta\/wp-json\/wp\/v2\/categories?post=84758"},{"taxonomy":"post_tag","embeddable":true,"href":"https:\/\/radiosolaris.com.br\/beta\/wp-json\/wp\/v2\/tags?post=84758"},{"taxonomy":"powerkit_post_featured","embeddable":true,"href":"https:\/\/radiosolaris.com.br\/beta\/wp-json\/wp\/v2\/powerkit_post_featured?post=84758"}],"curies":[{"name":"wp","href":"https:\/\/api.w.org\/{rel}","templated":true}]}}