{"id":84577,"date":"2022-07-26T09:25:15","date_gmt":"2022-07-26T12:25:15","guid":{"rendered":"https:\/\/radiosolaris.com.br\/beta\/?p=84577"},"modified":"2022-07-26T09:29:18","modified_gmt":"2022-07-26T12:29:18","slug":"corpo-do-ex-vice-prefeito-almir-zanin-e-velado-na-capela-da-prefeitura-de-flores-da-cunha","status":"publish","type":"post","link":"https:\/\/radiosolaris.com.br\/beta\/corpo-do-ex-vice-prefeito-almir-zanin-e-velado-na-capela-da-prefeitura-de-flores-da-cunha\/","title":{"rendered":"Corpo do ex-vice-prefeito Almir Zanin \u00e9 velado na capela da Prefeitura de Flores da Cunha"},"content":{"rendered":"\n<h4 id=\"a-missa-de-corpo-presente-sera-realizada-na-capela-do-centro-administrativo-nesta-terca-26-as-16h15min\" class=\"wp-block-heading\">A missa de corpo presente ser\u00e1 realizada na capela do Centro Administrativo, nesta ter\u00e7a (26), \u00e0s 16h15min &nbsp;<\/h4>\n\n\n\n<p>O corpo do ex-vice-prefeito de Flores da Cunha, Almir Zanin, 53 anos, est\u00e1 sendo velado nesta ter\u00e7a-feira (26), na Capela S\u00e3o Jo\u00e3o Batista, da Prefeitura Municipal. <a href=\"https:\/\/radiosolaris.com.br\/beta\/morre-o-ex-vice-prefeito-de-flores-da-cunha-almir-zanin\/\" target=\"_blank\" rel=\"noreferrer noopener\">O empres\u00e1rio e pol\u00edtico faleceu na tarde de segunda (25)<\/a>, ap\u00f3s sofrer um infarto fulminante na sede de sua empresa, a Zanin Transportes e Log\u00edstica, no bairro Videiras.<\/p>\n\n\n\n<p>Nesta manh\u00e3, a fam\u00edlia informou a decis\u00e3o de transferir a missa de corpo presente, que deveria ocorrer na Igreja Matriz Nossa Senhora de Lourdes, para a capela do Centro Administrativo. O hor\u00e1rio da celebra\u00e7\u00e3o foi mantido para \u00e0s 16h15min e o sepultamento ser\u00e1 realizado logo ap\u00f3s, no Cemit\u00e9rio P\u00fablico Municipal.<\/p>\n\n\n\n<p>O prefeito em exerc\u00edcio Marcio Rech, lamentou o falecimento de Zanin. \u201cNos solidarizamos com a fam\u00edlia, os amigos e toda a comunidade florense neste momento de dor pela morte do ex-vice-prefeito Almir Zanin\u201d, disse Rech. O vice-prefeito assumiu a prefeitura nesta ter\u00e7a durante a viagem de C\u00e9sar Ulian para Bras\u00edlia.<\/p>\n\n\n\n<p>Antes de viajar, <a href=\"https:\/\/radiosolaris.com.br\/beta\/prefeitura-de-flores-da-cunha-decreta-luto-oficial-pelo-falecimento-de-almir-zanin\/\" target=\"_blank\" rel=\"noreferrer noopener\">o prefeito de Flores da Cunha, C\u00e9sar Ulian, decretou luto oficial de tr\u00eas dias na cidade<\/a>, com bandeiras a meio mastro na Pra\u00e7a da Bandeira e no Centro Administrativo.<\/p>\n\n\n\n<figure class=\"wp-block-gallery has-nested-images columns-default is-cropped wp-block-gallery-1 is-layout-flex wp-block-gallery-is-layout-flex\">\n<figure class=\"wp-block-image size-large\"><a href=\"https:\/\/radiosolaris.com.br\/beta\/wp-content\/uploads\/2022\/07\/Corpo-do-ex-vice-prefeito-Zanin-e-velado-na-capela-da-Prefeitura-de-Flores-da-Cunha.jpeg\"><img  loading=\"lazy\"  decoding=\"async\"  width=\"1280\"  height=\"960\"  data-id=\"84579\"  src=\"data:image\/png;base64,iVBORw0KGgoAAAANSUhEUgAAAAEAAAABAQMAAAAl21bKAAAAA1BMVEUAAP+KeNJXAAAAAXRSTlMAQObYZgAAAAlwSFlzAAAOxAAADsQBlSsOGwAAAApJREFUCNdjYAAAAAIAAeIhvDMAAAAASUVORK5CYII=\"  alt=\"\"  class=\"wp-image-84579 pk-lazyload\"  data-pk-sizes=\"auto\"  data-ls-sizes=\"auto, (max-width: 1280px) 100vw, 1280px\"  data-pk-src=\"https:\/\/radiosolaris.com.br\/beta\/wp-content\/uploads\/2022\/07\/Corpo-do-ex-vice-prefeito-Zanin-e-velado-na-capela-da-Prefeitura-de-Flores-da-Cunha.jpeg\"  data-pk-srcset=\"https:\/\/radiosolaris.com.br\/beta\/wp-content\/uploads\/2022\/07\/Corpo-do-ex-vice-prefeito-Zanin-e-velado-na-capela-da-Prefeitura-de-Flores-da-Cunha.jpeg 1280w, https:\/\/radiosolaris.com.br\/beta\/wp-content\/uploads\/2022\/07\/Corpo-do-ex-vice-prefeito-Zanin-e-velado-na-capela-da-Prefeitura-de-Flores-da-Cunha-300x225.jpeg 300w, https:\/\/radiosolaris.com.br\/beta\/wp-content\/uploads\/2022\/07\/Corpo-do-ex-vice-prefeito-Zanin-e-velado-na-capela-da-Prefeitura-de-Flores-da-Cunha-768x576.jpeg 768w, https:\/\/radiosolaris.com.br\/beta\/wp-content\/uploads\/2022\/07\/Corpo-do-ex-vice-prefeito-Zanin-e-velado-na-capela-da-Prefeitura-de-Flores-da-Cunha-1160x870.jpeg 1160w, https:\/\/radiosolaris.com.br\/beta\/wp-content\/uploads\/2022\/07\/Corpo-do-ex-vice-prefeito-Zanin-e-velado-na-capela-da-Prefeitura-de-Flores-da-Cunha-800x600.jpeg 800w\" ><\/a><\/figure>\n<figcaption class=\"blocks-gallery-caption\">Corpo do ex-vice-prefeito Almir Zanin est\u00e1 sendo velado na Capela S\u00e3o Jo\u00e3o Batista da Prefeitura de Flores da Cunha<br>Foto: Filipe Brogliatto\/ Grupo Solaris<\/figcaption><\/figure>\n\n\n\n<p><strong>QUEM FOI ALMIR ZANIN<br><\/strong>Nascido em Marechal C\u00e2ndido Rondon, no Paran\u00e1, Almir Zanin mudou-se ainda crian\u00e7a para a cidade de Sananduva, no Rio Grande do Sul. Aos 23 anos, come\u00e7ou a trabalhar como caminhoneiro e estabeleceu-se em Flores da Cunha, onde construiu sua trajet\u00f3ria de vida.<\/p>\n\n\n\n<p>Em Flores da Cunha, trabalhou em grandes empresas do ramo de transportes, abrindo sua pr\u00f3pria transportadora, a Zanin Transportes e Log\u00edstica, em 2010. O ex-vice-prefeito era casado com M\u00e1rcia Sasso Zanin e pai de J\u00e9ssica Zanin.<\/p>\n\n\n\n<p>Na pol\u00edtica, Zanin filiou-se ao PSB em 2003 e foi secret\u00e1rio de Obras e Via\u00e7\u00e3o do ent\u00e3o prefeito Ernani Heberle (ent\u00e3o do PDT, hoje filiado ao PSB), entre 2009 e 2012. Tamb\u00e9m exerceu mandato como vice-prefeito no governo de L\u00eddio Scortegagna, entre 2013 e 2020, e esteve \u00e0 frente da Secretaria de Obras em algumas oportunidades.<\/p>\n\n\n\n<figure class=\"wp-block-gallery has-nested-images columns-default is-cropped wp-block-gallery-2 is-layout-flex wp-block-gallery-is-layout-flex\">\n<figure class=\"wp-block-image size-large\"><a href=\"https:\/\/radiosolaris.com.br\/beta\/wp-content\/uploads\/2022\/07\/Almir-Zanin-1.jpg\"><img  loading=\"lazy\"  decoding=\"async\"  width=\"807\"  height=\"571\"  data-id=\"84524\"  src=\"data:image\/png;base64,iVBORw0KGgoAAAANSUhEUgAAAAEAAAABAQMAAAAl21bKAAAAA1BMVEUAAP+KeNJXAAAAAXRSTlMAQObYZgAAAAlwSFlzAAAOxAAADsQBlSsOGwAAAApJREFUCNdjYAAAAAIAAeIhvDMAAAAASUVORK5CYII=\"  alt=\"\"  class=\"wp-image-84524 pk-lazyload\"  data-pk-sizes=\"auto\"  data-ls-sizes=\"auto, (max-width: 807px) 100vw, 807px\"  data-pk-src=\"https:\/\/radiosolaris.com.br\/beta\/wp-content\/uploads\/2022\/07\/Almir-Zanin-1.jpg\"  data-pk-srcset=\"https:\/\/radiosolaris.com.br\/beta\/wp-content\/uploads\/2022\/07\/Almir-Zanin-1.jpg 807w, https:\/\/radiosolaris.com.br\/beta\/wp-content\/uploads\/2022\/07\/Almir-Zanin-1-300x212.jpg 300w, https:\/\/radiosolaris.com.br\/beta\/wp-content\/uploads\/2022\/07\/Almir-Zanin-1-768x543.jpg 768w, https:\/\/radiosolaris.com.br\/beta\/wp-content\/uploads\/2022\/07\/Almir-Zanin-1-800x566.jpg 800w\" ><\/a><\/figure>\n<figcaption class=\"blocks-gallery-caption\">Empres\u00e1rio e ex-vice-prefeito Almir Zanin faleceu nesta segunda-feira (25), aos 53 anos<br>Foto: Arquivo\/ Grupo Solaris de Comunica\u00e7\u00e3o<\/figcaption><\/figure>\n\n\n\n<p><strong>REPERCUSS\u00c3O<br><\/strong><em><a href=\"http:\/\/www.psbrs.org.br\/portal\/noticias.php?n=4440\" target=\"_blank\" rel=\"noreferrer noopener\">O PSB-RS, partido ao qual Zanin era filiado, lamentou, atrav\u00e9s de nota, o falecimento de Zanin<\/a>.<\/em><\/p>\n\n\n\n<blockquote class=\"wp-block-quote is-layout-flow wp-block-quote-is-layout-flow\"><p>O Partido Socialista Brasileiro do Rio Grande do Sul lamenta profundamente o falecimento do socialista Almir Zanin, de 53 anos. Ele era empres\u00e1rio, ex-vice-prefeito de Flores da Cunha e tamb\u00e9m ex-secret\u00e1rio Municipal de Obras de seu munic\u00edpio.<\/p><\/blockquote>\n\n\n\n<p><em><a href=\"https:\/\/www.facebook.com\/100064938690730\/posts\/pfbid03CKrYR4saTnc57CkBkDiKWz1yns6PdS7xjsfekioz9sVZGajyo5YpgByXdrW75Abl\/?mibextid=FPBZBe&amp;fs=e&amp;s=cl\" target=\"_blank\" rel=\"noreferrer noopener\">O MDB, partido do ex-prefeito L\u00eddio Scortegagna, tamb\u00e9m publicou nas redes sociais uma nota.<\/a><\/em><\/p>\n\n\n\n<blockquote class=\"wp-block-quote is-layout-flow wp-block-quote-is-layout-flow\"><p>O diret\u00f3rio do MDB de Flores da Cunha informa com muito pesar a morte do ex-vice-prefeito Almir Zanin, que foi companheiro do ex-prefeito L\u00eddio Scortegagna, durante as \u00faltimas duas administra\u00e7\u00f5es da nossa cidade.<\/p><\/blockquote>\n\n\n\n<p><em><a href=\"https:\/\/www.facebook.com\/100064197665049\/posts\/pfbid02gUMgTQf15iJ3fFubF5KHAGXvLyvFPw6schKRx7Zn9KgHVEuZTpkKrRWVWeAxE8ovl\/?mibextid=FPBZBe&amp;fs=e&amp;s=cl\" target=\"_blank\" rel=\"noreferrer noopener\">O PDT tamb\u00e9m publicou uma nota em sua rede social.<\/a><\/em><\/p>\n\n\n\n<blockquote class=\"wp-block-quote is-layout-flow wp-block-quote-is-layout-flow\"><p>O PDT Flores da Cunha presta homenagem ao ex-vice-prefeito e empres\u00e1rio, Senhor Almir Zanin.<\/p><\/blockquote>\n","protected":false},"excerpt":{"rendered":"<p>A missa de corpo presente ser\u00e1 realizada na capela do Centro Administrativo, nesta ter\u00e7a (26), \u00e0s 16h15min &nbsp; O corpo do ex-vice-prefeito de Flores da Cunha, Almir Zanin, 53 anos,&hellip;<\/p>\n","protected":false},"author":13,"featured_media":84579,"comment_status":"closed","ping_status":"closed","sticky":false,"template":"","format":"standard","meta":{"_lmt_disableupdate":"","_lmt_disable":"","footnotes":""},"categories":[83],"tags":[12808,12809,12816,1485,114,222,12815,12814,540,992,283,5066,12810],"powerkit_post_featured":[],"class_list":{"0":"post-84577","1":"post","2":"type-post","3":"status-publish","4":"format-standard","5":"has-post-thumbnail","7":"category-serra-gaucha","8":"tag-almir-zanin","9":"tag-ex-vice-prefeito","10":"tag-ex-vice-prefeito-almir-zanin","11":"tag-falecimento","12":"tag-flores-da-cunha","13":"tag-morte","14":"tag-morte-almir-zanin","15":"tag-morte-ex-vice-prefeito","16":"tag-obito","17":"tag-serra","18":"tag-serra-gaucha","19":"tag-vice-prefeito","20":"tag-vice-prefeito-almir-zanin"},"modified_by":"Filipe Brogliatto","_links":{"self":[{"href":"https:\/\/radiosolaris.com.br\/beta\/wp-json\/wp\/v2\/posts\/84577","targetHints":{"allow":["GET"]}}],"collection":[{"href":"https:\/\/radiosolaris.com.br\/beta\/wp-json\/wp\/v2\/posts"}],"about":[{"href":"https:\/\/radiosolaris.com.br\/beta\/wp-json\/wp\/v2\/types\/post"}],"author":[{"embeddable":true,"href":"https:\/\/radiosolaris.com.br\/beta\/wp-json\/wp\/v2\/users\/13"}],"replies":[{"embeddable":true,"href":"https:\/\/radiosolaris.com.br\/beta\/wp-json\/wp\/v2\/comments?post=84577"}],"version-history":[{"count":0,"href":"https:\/\/radiosolaris.com.br\/beta\/wp-json\/wp\/v2\/posts\/84577\/revisions"}],"wp:featuredmedia":[{"embeddable":true,"href":"https:\/\/radiosolaris.com.br\/beta\/wp-json\/wp\/v2\/media\/84579"}],"wp:attachment":[{"href":"https:\/\/radiosolaris.com.br\/beta\/wp-json\/wp\/v2\/media?parent=84577"}],"wp:term":[{"taxonomy":"category","embeddable":true,"href":"https:\/\/radiosolaris.com.br\/beta\/wp-json\/wp\/v2\/categories?post=84577"},{"taxonomy":"post_tag","embeddable":true,"href":"https:\/\/radiosolaris.com.br\/beta\/wp-json\/wp\/v2\/tags?post=84577"},{"taxonomy":"powerkit_post_featured","embeddable":true,"href":"https:\/\/radiosolaris.com.br\/beta\/wp-json\/wp\/v2\/powerkit_post_featured?post=84577"}],"curies":[{"name":"wp","href":"https:\/\/api.w.org\/{rel}","templated":true}]}}