{"id":84551,"date":"2022-07-25T19:27:34","date_gmt":"2022-07-25T22:27:34","guid":{"rendered":"https:\/\/radiosolaris.com.br\/beta\/?p=84551"},"modified":"2022-07-26T09:31:29","modified_gmt":"2022-07-26T12:31:29","slug":"prefeitura-de-flores-da-cunha-decreta-luto-oficial-pelo-falecimento-de-almir-zanin","status":"publish","type":"post","link":"https:\/\/radiosolaris.com.br\/beta\/prefeitura-de-flores-da-cunha-decreta-luto-oficial-pelo-falecimento-de-almir-zanin\/","title":{"rendered":"Prefeitura de Flores da Cunha decreta luto oficial pelo falecimento de Almir Zanin"},"content":{"rendered":"\n<h4 id=\"zanin-foi-vice-prefeito-em-dois-mandatos-alem-de-ocupar-o-cargo-de-secretario-de-obras\" class=\"wp-block-heading\">Zanin foi vice-prefeito em dois mandatos, al\u00e9m de ocupar o cargo de secret\u00e1rio de Obras<\/h4>\n\n\n\n<p>A Prefeitura de Flores da Cunha decretou luto oficial de tr\u00eas dias, a contar desta ter\u00e7a-feira (26), pela morte do ex-vice-prefeito Almir Zanin. <a href=\"https:\/\/radiosolaris.com.br\/beta\/morre-o-ex-vice-prefeito-de-flores-da-cunha-almir-zanin\/\" target=\"_blank\" rel=\"noreferrer noopener\">O empres\u00e1rio faleceu nesta segunda-feira (25), aos 53 anos, v\u00edtima de infarto<\/a>.<\/p>\n\n\n\n<p>Nascido em Marechal C\u00e2ndido Rondon, no estado do Paran\u00e1, exerceu a profiss\u00e3o de caminhoneiro desde jovem. Em Flores da Cunha, trabalhou em grandes empresas do ramo, abrindo sua pr\u00f3pria transportadora, a Zanin Transportes e Log\u00edstica, em 2010.<\/p>\n\n\n\n<p>Na pol\u00edtica, Zanin foi secret\u00e1rio de Obras e Via\u00e7\u00e3o do ent\u00e3o prefeito Ernani Heberle, entre 2009 e 2012. Tamb\u00e9m exerceu mandato como vice-prefeito no governo de L\u00eddio Scortegagna, entre 2013 e 2020, e esteve \u00e0 frente da Secretaria de Obras em algumas oportunidades.<\/p>\n\n\n\n<p>O corpo do ex-vice-prefeito ser\u00e1 velado na Capela S\u00e3o Jo\u00e3o Batista da Prefeitura de Flores da Cunha, a partir das 23h desta segunda-feira. A missa de corpo presente foi transferida, na manh\u00e3 desta ter\u00e7a (26), da Igreja Matriz, para a capela da Prefeitura. A celebra\u00e7\u00e3o ocorre \u00e0s 16h15min. Logo ap\u00f3s, ser\u00e1 sepultado no Cemit\u00e9rio P\u00fablico Municipal.<\/p>\n\n\n\n<p>Como forma de solidariedade e reconhecimento, as bandeiras do munic\u00edpio no Centro Administrativo Angelo Araldi e na Pra\u00e7a da Bandeira est\u00e3o hasteadas a meio mastro.<\/p>\n","protected":false},"excerpt":{"rendered":"<p>Zanin foi vice-prefeito em dois mandatos, al\u00e9m de ocupar o cargo de secret\u00e1rio de Obras A Prefeitura de Flores da Cunha decretou luto oficial de tr\u00eas dias, a contar desta&hellip;<\/p>\n","protected":false},"author":13,"featured_media":84552,"comment_status":"closed","ping_status":"closed","sticky":false,"template":"","format":"standard","meta":{"_lmt_disableupdate":"","_lmt_disable":"","footnotes":""},"categories":[83],"tags":[12808,12809,1485,114,222,540,992,283,5066,12810],"powerkit_post_featured":[],"class_list":{"0":"post-84551","1":"post","2":"type-post","3":"status-publish","4":"format-standard","5":"has-post-thumbnail","7":"category-serra-gaucha","8":"tag-almir-zanin","9":"tag-ex-vice-prefeito","10":"tag-falecimento","11":"tag-flores-da-cunha","12":"tag-morte","13":"tag-obito","14":"tag-serra","15":"tag-serra-gaucha","16":"tag-vice-prefeito","17":"tag-vice-prefeito-almir-zanin"},"modified_by":"Filipe Brogliatto","_links":{"self":[{"href":"https:\/\/radiosolaris.com.br\/beta\/wp-json\/wp\/v2\/posts\/84551","targetHints":{"allow":["GET"]}}],"collection":[{"href":"https:\/\/radiosolaris.com.br\/beta\/wp-json\/wp\/v2\/posts"}],"about":[{"href":"https:\/\/radiosolaris.com.br\/beta\/wp-json\/wp\/v2\/types\/post"}],"author":[{"embeddable":true,"href":"https:\/\/radiosolaris.com.br\/beta\/wp-json\/wp\/v2\/users\/13"}],"replies":[{"embeddable":true,"href":"https:\/\/radiosolaris.com.br\/beta\/wp-json\/wp\/v2\/comments?post=84551"}],"version-history":[{"count":0,"href":"https:\/\/radiosolaris.com.br\/beta\/wp-json\/wp\/v2\/posts\/84551\/revisions"}],"wp:featuredmedia":[{"embeddable":true,"href":"https:\/\/radiosolaris.com.br\/beta\/wp-json\/wp\/v2\/media\/84552"}],"wp:attachment":[{"href":"https:\/\/radiosolaris.com.br\/beta\/wp-json\/wp\/v2\/media?parent=84551"}],"wp:term":[{"taxonomy":"category","embeddable":true,"href":"https:\/\/radiosolaris.com.br\/beta\/wp-json\/wp\/v2\/categories?post=84551"},{"taxonomy":"post_tag","embeddable":true,"href":"https:\/\/radiosolaris.com.br\/beta\/wp-json\/wp\/v2\/tags?post=84551"},{"taxonomy":"powerkit_post_featured","embeddable":true,"href":"https:\/\/radiosolaris.com.br\/beta\/wp-json\/wp\/v2\/powerkit_post_featured?post=84551"}],"curies":[{"name":"wp","href":"https:\/\/api.w.org\/{rel}","templated":true}]}}