{"id":84521,"date":"2022-07-25T17:39:48","date_gmt":"2022-07-25T20:39:48","guid":{"rendered":"https:\/\/radiosolaris.com.br\/beta\/?p=84521"},"modified":"2022-07-26T09:30:51","modified_gmt":"2022-07-26T12:30:51","slug":"morre-o-ex-vice-prefeito-de-flores-da-cunha-almir-zanin","status":"publish","type":"post","link":"https:\/\/radiosolaris.com.br\/beta\/morre-o-ex-vice-prefeito-de-flores-da-cunha-almir-zanin\/","title":{"rendered":"Morre o ex-vice-prefeito de Flores da Cunha Almir Zanin"},"content":{"rendered":"\n<h4 id=\"zanin-tinha-53-anos-e-faleceu-vitima-de-infarto\" class=\"wp-block-heading\">Zanin tinha 53 anos e faleceu v\u00edtima de infarto<\/h4>\n\n\n\n<p>O empres\u00e1rio e ex-vice-prefeito de Flores da Cunha, Almir Zanin, de 53 anos, faleceu na tarde desta segunda-feira (25). Al\u00e9m de vice-prefeito, Zanin ocupou o cargo de Secret\u00e1rio Municipal de Obras. Almir faleceu v\u00edtima de um infarto na sede de sua empresa, a Zanin Transportes e Log\u00edstica, localizada no bairro Videiras.<\/p>\n\n\n\n<p>Nascido em Marechal C\u00e2ndido (PR), Almir mudou-se ainda crian\u00e7a para a cidade de Sananduva (RS). Aos 23 anos, come\u00e7ou a trabalhar como caminhoneiro e estabeleceu-se em Flores da Cunha, onde construiu sua trajet\u00f3ria de vida. O ex-vice-prefeito era casado com M\u00e1rcia Sasso Zanin e pai de J\u00e9ssica Zanin.<\/p>\n\n\n\n<p>Almir era filiado ao PSB desde o ano de 2003. Em 2008, assumiu a Secretaria de Obras e Via\u00e7\u00e3o no governo do ex-prefeito Ernani Eberle (ent\u00e3o do PDT, hoje filiado ao PSB), permanecendo na fun\u00e7\u00e3o at\u00e9 se aliar a L\u00eddio Scortegagna (MDB) em 2012, para concorrer como vice-prefeito. Foi eleito e em 2016, foi reconduzido ao cargo na campanha de reelei\u00e7\u00e3o. <\/p>\n\n\n\n<p>Procurado pela reportagem da <strong>R\u00e1dio Solaris FM 99.1<\/strong>, o ex-prefeito L\u00eddio Scortegagna, limitou-se a afirmar que a morte de Zanin \u00e9 \u201cuma l\u00e1stima. N\u00e3o tenho nem o que dizer. Estou muito triste\u201d, resumiu L\u00eddio. <a href=\"https:\/\/radiosolaris.com.br\/beta\/prefeitura-de-flores-da-cunha-decreta-luto-oficial-pelo-falecimento-de-almir-zanin\/\" target=\"_blank\" rel=\"noreferrer noopener\">A Prefeitura de Flores da Cunha decretou luto oficial de tr\u00eas dias<\/a>. <\/p>\n\n\n\n<p>O corpo do ex-vice-prefeito ser\u00e1 velado na Capela S\u00e3o Jo\u00e3o Batista da Prefeitura de Flores da Cunha, a partir das 23h desta segunda-feira. A missa de corpo presente foi transferida, na manh\u00e3 desta ter\u00e7a (26), da Igreja Matriz, para a capela da Prefeitura. A celebra\u00e7\u00e3o ocorre \u00e0s 16h15min. Logo ap\u00f3s, ser\u00e1 sepultado no Cemit\u00e9rio P\u00fablico Municipal.<\/p>\n\n\n\n<figure class=\"wp-block-gallery has-nested-images columns-default is-cropped wp-block-gallery-1 is-layout-flex wp-block-gallery-is-layout-flex\">\n<figure class=\"wp-block-image size-large\"><a href=\"https:\/\/radiosolaris.com.br\/beta\/wp-content\/uploads\/2022\/07\/Almir-Zanin-1.jpg\"><img  loading=\"lazy\"  decoding=\"async\"  width=\"807\"  height=\"571\"  data-id=\"84524\"  src=\"data:image\/png;base64,iVBORw0KGgoAAAANSUhEUgAAAAEAAAABAQMAAAAl21bKAAAAA1BMVEUAAP+KeNJXAAAAAXRSTlMAQObYZgAAAAlwSFlzAAAOxAAADsQBlSsOGwAAAApJREFUCNdjYAAAAAIAAeIhvDMAAAAASUVORK5CYII=\"  alt=\"\"  class=\"wp-image-84524 pk-lazyload\"  data-pk-sizes=\"auto\"  data-ls-sizes=\"auto, (max-width: 807px) 100vw, 807px\"  data-pk-src=\"https:\/\/radiosolaris.com.br\/beta\/wp-content\/uploads\/2022\/07\/Almir-Zanin-1.jpg\"  data-pk-srcset=\"https:\/\/radiosolaris.com.br\/beta\/wp-content\/uploads\/2022\/07\/Almir-Zanin-1.jpg 807w, https:\/\/radiosolaris.com.br\/beta\/wp-content\/uploads\/2022\/07\/Almir-Zanin-1-300x212.jpg 300w, https:\/\/radiosolaris.com.br\/beta\/wp-content\/uploads\/2022\/07\/Almir-Zanin-1-768x543.jpg 768w, https:\/\/radiosolaris.com.br\/beta\/wp-content\/uploads\/2022\/07\/Almir-Zanin-1-800x566.jpg 800w\" ><\/a><\/figure>\n<figcaption class=\"blocks-gallery-caption\">Almir Zanin<br>Foto: Arquivo\/ Grupo Solaris<\/figcaption><\/figure>\n","protected":false},"excerpt":{"rendered":"<p>Zanin tinha 53 anos e faleceu v\u00edtima de infarto O empres\u00e1rio e ex-vice-prefeito de Flores da Cunha, Almir Zanin, de 53 anos, faleceu na tarde desta segunda-feira (25). Al\u00e9m de&hellip;<\/p>\n","protected":false},"author":13,"featured_media":84524,"comment_status":"closed","ping_status":"closed","sticky":false,"template":"","format":"standard","meta":{"_lmt_disableupdate":"","_lmt_disable":"","footnotes":""},"categories":[83],"tags":[12808,12809,1485,114,222,540,992,283,12810],"powerkit_post_featured":[],"class_list":{"0":"post-84521","1":"post","2":"type-post","3":"status-publish","4":"format-standard","5":"has-post-thumbnail","7":"category-serra-gaucha","8":"tag-almir-zanin","9":"tag-ex-vice-prefeito","10":"tag-falecimento","11":"tag-flores-da-cunha","12":"tag-morte","13":"tag-obito","14":"tag-serra","15":"tag-serra-gaucha","16":"tag-vice-prefeito-almir-zanin"},"modified_by":"Filipe Brogliatto","_links":{"self":[{"href":"https:\/\/radiosolaris.com.br\/beta\/wp-json\/wp\/v2\/posts\/84521","targetHints":{"allow":["GET"]}}],"collection":[{"href":"https:\/\/radiosolaris.com.br\/beta\/wp-json\/wp\/v2\/posts"}],"about":[{"href":"https:\/\/radiosolaris.com.br\/beta\/wp-json\/wp\/v2\/types\/post"}],"author":[{"embeddable":true,"href":"https:\/\/radiosolaris.com.br\/beta\/wp-json\/wp\/v2\/users\/13"}],"replies":[{"embeddable":true,"href":"https:\/\/radiosolaris.com.br\/beta\/wp-json\/wp\/v2\/comments?post=84521"}],"version-history":[{"count":0,"href":"https:\/\/radiosolaris.com.br\/beta\/wp-json\/wp\/v2\/posts\/84521\/revisions"}],"wp:featuredmedia":[{"embeddable":true,"href":"https:\/\/radiosolaris.com.br\/beta\/wp-json\/wp\/v2\/media\/84524"}],"wp:attachment":[{"href":"https:\/\/radiosolaris.com.br\/beta\/wp-json\/wp\/v2\/media?parent=84521"}],"wp:term":[{"taxonomy":"category","embeddable":true,"href":"https:\/\/radiosolaris.com.br\/beta\/wp-json\/wp\/v2\/categories?post=84521"},{"taxonomy":"post_tag","embeddable":true,"href":"https:\/\/radiosolaris.com.br\/beta\/wp-json\/wp\/v2\/tags?post=84521"},{"taxonomy":"powerkit_post_featured","embeddable":true,"href":"https:\/\/radiosolaris.com.br\/beta\/wp-json\/wp\/v2\/powerkit_post_featured?post=84521"}],"curies":[{"name":"wp","href":"https:\/\/api.w.org\/{rel}","templated":true}]}}