{"id":84503,"date":"2022-07-25T17:25:27","date_gmt":"2022-07-25T20:25:27","guid":{"rendered":"https:\/\/radiosolaris.com.br\/beta\/?p=84503"},"modified":"2022-07-25T17:25:29","modified_gmt":"2022-07-25T20:25:29","slug":"celestino-loro-recebera-titulo-de-cidadao-caxiense","status":"publish","type":"post","link":"https:\/\/radiosolaris.com.br\/beta\/celestino-loro-recebera-titulo-de-cidadao-caxiense\/","title":{"rendered":"Celestino Loro receber\u00e1 t\u00edtulo de Cidad\u00e3o Caxiense"},"content":{"rendered":"\n<h4 id=\"o-empresario-natural-de-nova-padua-ha-mais-de-30-anos-escolheu-caxias-como-sua-morada\" class=\"wp-block-heading\">O empres\u00e1rio, natural de Nova P\u00e1dua, h\u00e1 mais de 30 anos escolheu Caxias como sua morada<\/h4>\n\n\n\n<p>O empres\u00e1rio Celestino Oscar Loro receber\u00e1, nesta ter\u00e7a-feira (26), \u00e0s 19h, o T\u00edtulo de Cidad\u00e3o Caxiense. A honraria, que ser\u00e1 entregue em Sess\u00e3o Solene na Sala das Sess\u00f5es Deputado Nadyr Rossetti, foi proposta pelo vereador Wagner Petrini (PSB) e outros seis parlamentares. <\/p>\n\n\n\n<p>Loro nasceu em Nova P\u00e1dua, na Serra Ga\u00facha, e chegou em Caxias h\u00e1 mais de 30 anos. Formado em Ci\u00eancias Cont\u00e1beis pela Universidade de Caxias do Sul (UCS), tem especializa\u00e7\u00f5es na \u00e1rea de Contabilidade Gerencial e Finan\u00e7as e Administra\u00e7\u00e3o Financeira.<\/p>\n\n\n\n<p>Atualmente, \u00e9 diretor da Federa\u00e7\u00e3o Nacional das Empresas de Servi\u00e7os Cont\u00e1beis (Fenacon) e preside a C\u00e2mara de Ind\u00fastria, Com\u00e9rcio e Servi\u00e7os de Caxias do Sul (CIC).<\/p>\n\n\n\n<p>Entre os anos de 2004 e 2006, tamb\u00e9m ocupou o cargo de presidente do Sindicato das Empresas de Servi\u00e7os Cont\u00e1beis, Assessoramento e Per\u00edcias da Serra Ga\u00facha (Sescon-Serra Ga\u00facha).<\/p>\n\n\n\n<figure class=\"wp-block-gallery has-nested-images columns-default is-cropped wp-block-gallery-1 is-layout-flex wp-block-gallery-is-layout-flex\">\n<figure class=\"wp-block-image size-large\"><a href=\"https:\/\/radiosolaris.com.br\/beta\/wp-content\/uploads\/2022\/07\/WhatsApp-Image-2022-01-04-at-14.38.36.jpeg\"><img  decoding=\"async\"  data-id=\"84519\"  src=\"data:image\/png;base64,iVBORw0KGgoAAAANSUhEUgAAAAEAAAABAQMAAAAl21bKAAAAA1BMVEUAAP+KeNJXAAAAAXRSTlMAQObYZgAAAAlwSFlzAAAOxAAADsQBlSsOGwAAAApJREFUCNdjYAAAAAIAAeIhvDMAAAAASUVORK5CYII=\"  alt=\"\"  class=\"wp-image-84519 pk-lazyload\"  data-pk-sizes=\"auto\"  data-pk-src=\"https:\/\/radiosolaris.com.br\/beta\/wp-content\/uploads\/2022\/07\/WhatsApp-Image-2022-01-04-at-14.38.36-1024x682.jpeg\" ><\/a><\/figure>\n<figcaption class=\"blocks-gallery-caption\">Foto: Gabriel Feltes\/Divulga\u00e7\u00e3o<br><\/figcaption><\/figure>\n\n\n\n<p>Ainda na CIC Caxias, Loro foi diretor de Patrim\u00f4nio entre 2008 e 2011, vice-presidente de Servi\u00e7os nas gest\u00f5es 2012 e 2014 e integrante do Conselho Deliberativo de 2016 a 2018. Foi eleito por unanimidade em 2021 e est\u00e1 \u00e0 frente da gest\u00e3o 2022-2023.<\/p>\n\n\n\n<p>A cerim\u00f4nia ter\u00e1 transmiss\u00e3o ao vivo, pela TV C\u00e2mara Caxias (canal 16 da Claro\/NET) e pelas redes sociais do Parlamento (Facebook e YouTube).<\/p>\n","protected":false},"excerpt":{"rendered":"<p>O empres\u00e1rio, natural de Nova P\u00e1dua, h\u00e1 mais de 30 anos escolheu Caxias como sua morada O empres\u00e1rio Celestino Oscar Loro receber\u00e1, nesta ter\u00e7a-feira (26), \u00e0s 19h, o T\u00edtulo de&hellip;<\/p>\n","protected":false},"author":17,"featured_media":84519,"comment_status":"closed","ping_status":"closed","sticky":false,"template":"","format":"standard","meta":{"_lmt_disableupdate":"","_lmt_disable":"","footnotes":""},"categories":[83],"tags":[148,12805,3043,12806,167,283,12807],"powerkit_post_featured":[],"class_list":{"0":"post-84503","1":"post","2":"type-post","3":"status-publish","4":"format-standard","5":"has-post-thumbnail","7":"category-serra-gaucha","8":"tag-caxias-do-sul","9":"tag-celestino-doro","10":"tag-cic-caxias","11":"tag-cidadao-caxiense","12":"tag-nova-padua","13":"tag-serra-gaucha","14":"tag-vagner-pertrini"},"modified_by":"Igor Panzenhagen","_links":{"self":[{"href":"https:\/\/radiosolaris.com.br\/beta\/wp-json\/wp\/v2\/posts\/84503","targetHints":{"allow":["GET"]}}],"collection":[{"href":"https:\/\/radiosolaris.com.br\/beta\/wp-json\/wp\/v2\/posts"}],"about":[{"href":"https:\/\/radiosolaris.com.br\/beta\/wp-json\/wp\/v2\/types\/post"}],"author":[{"embeddable":true,"href":"https:\/\/radiosolaris.com.br\/beta\/wp-json\/wp\/v2\/users\/17"}],"replies":[{"embeddable":true,"href":"https:\/\/radiosolaris.com.br\/beta\/wp-json\/wp\/v2\/comments?post=84503"}],"version-history":[{"count":0,"href":"https:\/\/radiosolaris.com.br\/beta\/wp-json\/wp\/v2\/posts\/84503\/revisions"}],"wp:featuredmedia":[{"embeddable":true,"href":"https:\/\/radiosolaris.com.br\/beta\/wp-json\/wp\/v2\/media\/84519"}],"wp:attachment":[{"href":"https:\/\/radiosolaris.com.br\/beta\/wp-json\/wp\/v2\/media?parent=84503"}],"wp:term":[{"taxonomy":"category","embeddable":true,"href":"https:\/\/radiosolaris.com.br\/beta\/wp-json\/wp\/v2\/categories?post=84503"},{"taxonomy":"post_tag","embeddable":true,"href":"https:\/\/radiosolaris.com.br\/beta\/wp-json\/wp\/v2\/tags?post=84503"},{"taxonomy":"powerkit_post_featured","embeddable":true,"href":"https:\/\/radiosolaris.com.br\/beta\/wp-json\/wp\/v2\/powerkit_post_featured?post=84503"}],"curies":[{"name":"wp","href":"https:\/\/api.w.org\/{rel}","templated":true}]}}