{"id":84502,"date":"2022-07-25T15:36:24","date_gmt":"2022-07-25T18:36:24","guid":{"rendered":"https:\/\/radiosolaris.com.br\/beta\/?p=84502"},"modified":"2022-07-25T15:36:26","modified_gmt":"2022-07-25T18:36:26","slug":"vice-presidente-de-turismo-da-cic-participa-do-6o-congresso-internacional-de-turismo","status":"publish","type":"post","link":"https:\/\/radiosolaris.com.br\/beta\/vice-presidente-de-turismo-da-cic-participa-do-6o-congresso-internacional-de-turismo\/","title":{"rendered":"Vice-presidente de Turismo da CIC participa do 6\u00ba Congresso Internacional de Turismo"},"content":{"rendered":"\n<h4 id=\"o-encontro-foi-realizado-entre-os-dias-21-e-22-de-julho-em-bento-goncalves\" class=\"wp-block-heading\">O encontro foi realizado entre os dias 21 e 22 de julho, em Bento Gon\u00e7alves<\/h4>\n\n\n\n<p>O vice-presidente de Turismo da CIC Ant\u00f4nio Prado, Alexandre Franceschini, representou a entidade e o setor tur\u00edstico do munic\u00edpio no 6\u00ba Congresso Internacional de Turismo da Regi\u00e3o Uva e Vinho promovido pela Inst\u00e2ncia de Governan\u00e7a Regional Uva e Vinho, \u201cAtuaserra\u201d em Bento Gon\u00e7alves.<\/p>\n\n\n\n<p>Conforme Alexandre, \u201c\u00c9 importante aprender com a experi\u00eancia de quem est\u00e1 fazendo sucesso, com informa\u00e7\u00e3o, qualifica\u00e7\u00e3o, estrutura e servi\u00e7os\u201d.<\/p>\n\n\n\n<p>Ap\u00f3s acompanhar as palestras sobre as tend\u00eancias do turismo para os pr\u00f3ximos anos, Alexandre realizou o convite pessoal a cada um dos palestrantes para que conhe\u00e7am Ant\u00f4nio Prado, local com o maior acervo arquitet\u00f4nico em casas de madeira tombadas como patrim\u00f4nio hist\u00f3rico e cultural, cidade palco do filme \u201cO Quatrilho\u201d e da miniss\u00e9rie \u201cDesalma\u201d, do \u201cFil\u00f3 de Ant\u00f4nio Prado\u201d, al\u00e9m da \u201cNoite Italiana\u201d, \u201cFeira do Beco\u201d e \u201cFenaMassa\u201d.<\/p>\n\n\n\n<p>Fonte: CIC Ant\u00f4nio Prado<\/p>\n","protected":false},"excerpt":{"rendered":"<p>O encontro foi realizado entre os dias 21 e 22 de julho, em Bento Gon\u00e7alves O vice-presidente de Turismo da CIC Ant\u00f4nio Prado, Alexandre Franceschini, representou a entidade e o&hellip;<\/p>\n","protected":false},"author":1,"featured_media":84504,"comment_status":"closed","ping_status":"closed","sticky":false,"template":"","format":"standard","meta":{"_lmt_disableupdate":"","_lmt_disable":"","footnotes":""},"categories":[83],"tags":[12803,12802],"powerkit_post_featured":[],"class_list":{"0":"post-84502","1":"post","2":"type-post","3":"status-publish","4":"format-standard","5":"has-post-thumbnail","7":"category-serra-gaucha","8":"tag-6o-congresso-internacional-de-turismo","9":"tag-turismo-cic"},"modified_by":null,"_links":{"self":[{"href":"https:\/\/radiosolaris.com.br\/beta\/wp-json\/wp\/v2\/posts\/84502","targetHints":{"allow":["GET"]}}],"collection":[{"href":"https:\/\/radiosolaris.com.br\/beta\/wp-json\/wp\/v2\/posts"}],"about":[{"href":"https:\/\/radiosolaris.com.br\/beta\/wp-json\/wp\/v2\/types\/post"}],"author":[{"embeddable":true,"href":"https:\/\/radiosolaris.com.br\/beta\/wp-json\/wp\/v2\/users\/1"}],"replies":[{"embeddable":true,"href":"https:\/\/radiosolaris.com.br\/beta\/wp-json\/wp\/v2\/comments?post=84502"}],"version-history":[{"count":0,"href":"https:\/\/radiosolaris.com.br\/beta\/wp-json\/wp\/v2\/posts\/84502\/revisions"}],"wp:featuredmedia":[{"embeddable":true,"href":"https:\/\/radiosolaris.com.br\/beta\/wp-json\/wp\/v2\/media\/84504"}],"wp:attachment":[{"href":"https:\/\/radiosolaris.com.br\/beta\/wp-json\/wp\/v2\/media?parent=84502"}],"wp:term":[{"taxonomy":"category","embeddable":true,"href":"https:\/\/radiosolaris.com.br\/beta\/wp-json\/wp\/v2\/categories?post=84502"},{"taxonomy":"post_tag","embeddable":true,"href":"https:\/\/radiosolaris.com.br\/beta\/wp-json\/wp\/v2\/tags?post=84502"},{"taxonomy":"powerkit_post_featured","embeddable":true,"href":"https:\/\/radiosolaris.com.br\/beta\/wp-json\/wp\/v2\/powerkit_post_featured?post=84502"}],"curies":[{"name":"wp","href":"https:\/\/api.w.org\/{rel}","templated":true}]}}