{"id":84492,"date":"2022-07-25T13:29:37","date_gmt":"2022-07-25T16:29:37","guid":{"rendered":"https:\/\/radiosolaris.com.br\/beta\/?p=84492"},"modified":"2022-07-25T13:29:39","modified_gmt":"2022-07-25T16:29:39","slug":"sidnei-trentin-e-o-agricultor-destaque-2022-de-flores-da-cunha","status":"publish","type":"post","link":"https:\/\/radiosolaris.com.br\/beta\/sidnei-trentin-e-o-agricultor-destaque-2022-de-flores-da-cunha\/","title":{"rendered":"S\u00eddnei Trentin \u00e9 o Agricultor Destaque 2022 de Flores da Cunha"},"content":{"rendered":"\n<h4 id=\"camara-entregou-o-certificado-em-sessao-solene-nesta-quinta-feira-28\" class=\"wp-block-heading\">C\u00e2mara entregou o certificado em Sess\u00e3o Solene nesta quinta-feira (28)<\/h4>\n\n\n\n<p>Neste ano, a C\u00e2mara de Vereadores de Flores da Cunha entregou o certificado de Agricultor Destaque a um jovem produtor rural. S\u00eddnei Trentin, de 43 anos, foi o homenageado do ano na Sess\u00e3o Solene que ocorreu nesta quinta-feira (28), \u00e0s 19h, no plen\u00e1rio da Casa Legislativa Olindo Carlos Toigo.<\/p>\n\n\n\n<p>Trentin nasceu no dia 12 de fevereiro de 1979, em Ot\u00e1vio Rocha. \u00c9 filho de Julieta Molon e Roque Trentin e completou o Ensino Fundamental na escola Francisco Zilli. \u00c9 casado com Silvana Paim Lahn e pai de Eloiza Molon Trentin, Gabriela Lahn Trentin e Pedro Trentin. Hoje a propriedade da fam\u00edlia conta com uma \u00e1rea plantada de quatro hectares de uva (bord\u00f4 e ni\u00e1gara rosa), meio hectare de tomate e nove mil p\u00e9s de morango.<\/p>\n\n\n\n<p>A Comiss\u00e3o Especial, respons\u00e1vel pela escolha, destacou que Trentin se enquadra nos oito crit\u00e9rios estabelecidos pelo Decreto Legislativo, que institui o Certificado de Agricultor Destaque: o trabalho familiar, o aproveitamento da tecnologia, o uso racional e adequado de insumos agropecu\u00e1rios, a participa\u00e7\u00e3o e o envolvimento em eventos destinados \u00e0 agropecu\u00e1ria, boa produtividade, criatividade e diversifica\u00e7\u00e3o, preserva\u00e7\u00e3o do meio ambiente, destina\u00e7\u00e3o correta de embalagens e a perman\u00eancia do jovem no meio rural.<\/p>\n\n\n\n<p>\u201cEle faz jus ao t\u00edtulo. Conhe\u00e7o ele h\u00e1 muitos anos e ele \u00e9 um jovem inovador. \u00c9 um exemplo de propriedade organizada, de fam\u00edlia que trabalha junto, unida e que tem sucesso&#8221;, defende o presidente do Sindicato dos Trabalhadores Agricultores Familiares, Olir Schiavenin, integrante da Comiss\u00e3o.<\/p>\n\n\n\n<p>Na preserva\u00e7\u00e3o do meio ambiente, por exemplo, Trentin destaca a busca por uma propriedade 100% sustent\u00e1vel. &#8220;Temos \u00e1rea verde preservada, nascente de \u00e1gua protegida, temos o CAR e o SIOUT. Estamos desenvolvendo a casinha de tratamentos, fazemos a devolu\u00e7\u00e3o correta das embalagens e estamos investindo na irriga\u00e7\u00e3o\u201d, destaca.<\/p>\n\n\n\n<p>Al\u00e9m da preocupa\u00e7\u00e3o ecol\u00f3gica, Trentin se destaca pela criatividade. Na busca por inova\u00e7\u00e3o e para facilitar o trabalho pesado, ele desenvolveu um trator espec\u00edfico para realizar a pulveriza\u00e7\u00e3o dos tomates e morangos, adaptado a partir de uma motocicleta. \u201cPensei em fazer um trator que passasse nas fileiras entre morangos e os tomates, com um pulverizador que atendesse. Peguei a moto do meu pai e fiz em peda\u00e7os, depois a parte t\u00e9cnica a gente foi pesquisando. Hoje tem muito acesso \u00e0 informa\u00e7\u00e3o. Esse trator foi o terceiro, pra chegar no projeto final foi muito ferro soldado\u201d, conta.<\/p>\n\n\n\n<p>Para o agricultor, os sete anos que trabalhou fora representam sua oportunidade de aprendizagem e a homenagem que recebe do Legislativo simboliza a sua forma\u00e7\u00e3o. \u201cEu n\u00e3o fui pra aula, eu n\u00e3o tive minha formatura, ent\u00e3o eu digo pra todo mundo que essa homenagem vai ser a minha formatura\u201d, reflete.<\/p>\n","protected":false},"excerpt":{"rendered":"<p>C\u00e2mara entregou o certificado em Sess\u00e3o Solene nesta quinta-feira (28) Neste ano, a C\u00e2mara de Vereadores de Flores da Cunha entregou o certificado de Agricultor Destaque a um jovem produtor&hellip;<\/p>\n","protected":false},"author":16,"featured_media":84493,"comment_status":"closed","ping_status":"closed","sticky":false,"template":"","format":"standard","meta":{"_lmt_disableupdate":"","_lmt_disable":"","footnotes":""},"categories":[83],"tags":[704,7774,11053,12796,202,12798,12799,114,992,283,12797,1272,7715],"powerkit_post_featured":[],"class_list":{"0":"post-84492","1":"post","2":"type-post","3":"status-publish","4":"format-standard","5":"has-post-thumbnail","7":"category-serra-gaucha","8":"tag-agricultor","9":"tag-agricultor-destaque","10":"tag-agricultor-destaque-2022","11":"tag-agricultor-destaque-de-flores-da-cunha","12":"tag-camara-de-vereadores","13":"tag-casa-legislativa","14":"tag-casa-legislativa-olindo-carlos-toigo","15":"tag-flores-da-cunha","16":"tag-serra","17":"tag-serra-gaucha","18":"tag-sidnei-trentin","19":"tag-vereadores","20":"tag-vereadores-de-flores-da-cunha"},"modified_by":"Bruna Picinini","_links":{"self":[{"href":"https:\/\/radiosolaris.com.br\/beta\/wp-json\/wp\/v2\/posts\/84492","targetHints":{"allow":["GET"]}}],"collection":[{"href":"https:\/\/radiosolaris.com.br\/beta\/wp-json\/wp\/v2\/posts"}],"about":[{"href":"https:\/\/radiosolaris.com.br\/beta\/wp-json\/wp\/v2\/types\/post"}],"author":[{"embeddable":true,"href":"https:\/\/radiosolaris.com.br\/beta\/wp-json\/wp\/v2\/users\/16"}],"replies":[{"embeddable":true,"href":"https:\/\/radiosolaris.com.br\/beta\/wp-json\/wp\/v2\/comments?post=84492"}],"version-history":[{"count":0,"href":"https:\/\/radiosolaris.com.br\/beta\/wp-json\/wp\/v2\/posts\/84492\/revisions"}],"wp:featuredmedia":[{"embeddable":true,"href":"https:\/\/radiosolaris.com.br\/beta\/wp-json\/wp\/v2\/media\/84493"}],"wp:attachment":[{"href":"https:\/\/radiosolaris.com.br\/beta\/wp-json\/wp\/v2\/media?parent=84492"}],"wp:term":[{"taxonomy":"category","embeddable":true,"href":"https:\/\/radiosolaris.com.br\/beta\/wp-json\/wp\/v2\/categories?post=84492"},{"taxonomy":"post_tag","embeddable":true,"href":"https:\/\/radiosolaris.com.br\/beta\/wp-json\/wp\/v2\/tags?post=84492"},{"taxonomy":"powerkit_post_featured","embeddable":true,"href":"https:\/\/radiosolaris.com.br\/beta\/wp-json\/wp\/v2\/powerkit_post_featured?post=84492"}],"curies":[{"name":"wp","href":"https:\/\/api.w.org\/{rel}","templated":true}]}}