{"id":84476,"date":"2022-07-25T11:17:52","date_gmt":"2022-07-25T14:17:52","guid":{"rendered":"https:\/\/radiosolaris.com.br\/beta\/?p=84476"},"modified":"2022-07-25T11:17:55","modified_gmt":"2022-07-25T14:17:55","slug":"festas-do-colono-e-motorista-reunem-comunidades-de-flores-da-cunha-e-nova-padua","status":"publish","type":"post","link":"https:\/\/radiosolaris.com.br\/beta\/festas-do-colono-e-motorista-reunem-comunidades-de-flores-da-cunha-e-nova-padua\/","title":{"rendered":"Festas do Colono e Motorista re\u00fanem comunidades de Flores da Cunha e Nova P\u00e1dua"},"content":{"rendered":"\n<h4 id=\"as-celebracoes-ocorreram-na-manha-deste-domingo-24-e-contaram-com-missas-bencaos-dos-tratores-e-caminhoes-e-almoco-tipico\" class=\"wp-block-heading\">As celebra\u00e7\u00f5es ocorreram na manh\u00e3 deste domingo (24) e contaram com missas, ben\u00e7\u00e3os dos tratores e caminh\u00f5es e almo\u00e7o t\u00edpico<\/h4>\n\n\n\n<p>Com tratora\u00e7o, ben\u00e7\u00e3o aos tratores e caminh\u00f5es e almo\u00e7o t\u00edpico, a festa em comemora\u00e7\u00e3o ao dia do Colono e Motorista reuniu mais de 500 pessoas de Nova P\u00e1dua neste domingo (24). A programa\u00e7\u00e3o iniciou com a missa, que iniciou \u00e0s 9h, em frente \u00e0 Igreja Matriz.<\/p>\n\n\n\n<p>Logo ap\u00f3s, o p\u00e1roco da Par\u00f3quia Santo Ant\u00f4nio, padre Jos\u00e9 Musoi, <a href=\"https:\/\/fb.watch\/euni89dAWf\/\" data-type=\"URL\" data-id=\"https:\/\/fb.watch\/euni89dAWf\/\" target=\"_blank\" rel=\"noreferrer noopener\">aben\u00e7oou os tratores e caminh\u00f5es dos fi\u00e9is no tradicional desfile na Avenida dos Imigrantes<\/a>. Os ve\u00edculos com motoristas e agricultores desfilavam na avenida principal e seguiam em dire\u00e7\u00e3o ao vig\u00e1rio para receber a chuva de ben\u00e7\u00e3os.<\/p>\n\n\n\n<p>As comemora\u00e7\u00f5es seguiram com um almo\u00e7o t\u00edpico colonial servido no Sal\u00e3o Paroquial do munic\u00edpio. Autoridades como o prefeito e o vice-prefeito, Danrlei Pilatti e In\u00e1cio Sonda, tamb\u00e9m estiveram presentes e fizeram um pronunciamento parabenizando o trabalho dos colonos e motoristas.<\/p>\n\n\n\n<p>Al\u00e9m disso o presidente da C\u00e2mara, Maico Morandi, e o presidente do Sindicato dos Trabalhadores Rurais, Olir Schiavenin, tamb\u00e9m exaltaram a import\u00e2ncia das duas classes homenageadas. A programa\u00e7\u00e3o alusiva ao dia do Colono e motorista, que \u00e9 comemorada oficialmente nesta segunda-feira (25), segue com atividades no munic\u00edpio na pr\u00f3xima quinta-feira (28) e na sexta-feira (29).<\/p>\n\n\n\n<figure class=\"wp-block-gallery has-nested-images columns-1 is-cropped wp-block-gallery-1 is-layout-flex wp-block-gallery-is-layout-flex\">\n<figure class=\"wp-block-image size-large\"><a href=\"https:\/\/radiosolaris.com.br\/beta\/wp-content\/uploads\/2022\/07\/Festas-do-Colono-e-Motorista-reunem-comunidades-de-Flores-da-Cunha-e-Nova-Padua-6.jpeg\"><img  decoding=\"async\"  data-id=\"84478\"  src=\"data:image\/png;base64,iVBORw0KGgoAAAANSUhEUgAAAAEAAAABAQMAAAAl21bKAAAAA1BMVEUAAP+KeNJXAAAAAXRSTlMAQObYZgAAAAlwSFlzAAAOxAAADsQBlSsOGwAAAApJREFUCNdjYAAAAAIAAeIhvDMAAAAASUVORK5CYII=\"  alt=\"\"  class=\"wp-image-84478 pk-lazyload\"  data-pk-sizes=\"auto\"  data-pk-src=\"https:\/\/radiosolaris.com.br\/beta\/wp-content\/uploads\/2022\/07\/Festas-do-Colono-e-Motorista-reunem-comunidades-de-Flores-da-Cunha-e-Nova-Padua-6-1024x768.jpeg\" ><\/a><\/figure>\n\n\n\n<figure class=\"wp-block-image size-large\"><a href=\"https:\/\/radiosolaris.com.br\/beta\/wp-content\/uploads\/2022\/07\/Festas-do-Colono-e-Motorista-reunem-comunidades-de-Flores-da-Cunha-e-Nova-Padua-5.jpeg\"><img  loading=\"lazy\"  decoding=\"async\"  width=\"1024\"  height=\"768\"  data-id=\"84479\"  src=\"data:image\/png;base64,iVBORw0KGgoAAAANSUhEUgAAAAEAAAABAQMAAAAl21bKAAAAA1BMVEUAAP+KeNJXAAAAAXRSTlMAQObYZgAAAAlwSFlzAAAOxAAADsQBlSsOGwAAAApJREFUCNdjYAAAAAIAAeIhvDMAAAAASUVORK5CYII=\"  alt=\"\"  class=\"wp-image-84479 pk-lazyload\"  data-pk-sizes=\"auto\"  data-ls-sizes=\"auto, (max-width: 1024px) 100vw, 1024px\"  data-pk-src=\"https:\/\/radiosolaris.com.br\/beta\/wp-content\/uploads\/2022\/07\/Festas-do-Colono-e-Motorista-reunem-comunidades-de-Flores-da-Cunha-e-Nova-Padua-5-1024x768.jpeg\"  data-pk-srcset=\"https:\/\/radiosolaris.com.br\/beta\/wp-content\/uploads\/2022\/07\/Festas-do-Colono-e-Motorista-reunem-comunidades-de-Flores-da-Cunha-e-Nova-Padua-5-1024x768.jpeg 1024w, https:\/\/radiosolaris.com.br\/beta\/wp-content\/uploads\/2022\/07\/Festas-do-Colono-e-Motorista-reunem-comunidades-de-Flores-da-Cunha-e-Nova-Padua-5-300x225.jpeg 300w, https:\/\/radiosolaris.com.br\/beta\/wp-content\/uploads\/2022\/07\/Festas-do-Colono-e-Motorista-reunem-comunidades-de-Flores-da-Cunha-e-Nova-Padua-5-768x576.jpeg 768w, https:\/\/radiosolaris.com.br\/beta\/wp-content\/uploads\/2022\/07\/Festas-do-Colono-e-Motorista-reunem-comunidades-de-Flores-da-Cunha-e-Nova-Padua-5.jpeg 1280w\" ><\/a><\/figure>\n\n\n\n<figure class=\"wp-block-image size-large\"><a href=\"https:\/\/radiosolaris.com.br\/beta\/wp-content\/uploads\/2022\/07\/Festas-do-Colono-e-Motorista-reunem-comunidades-de-Flores-da-Cunha-e-Nova-Padua-4.jpeg\"><img  decoding=\"async\"  data-id=\"84477\"  src=\"data:image\/png;base64,iVBORw0KGgoAAAANSUhEUgAAAAEAAAABAQMAAAAl21bKAAAAA1BMVEUAAP+KeNJXAAAAAXRSTlMAQObYZgAAAAlwSFlzAAAOxAAADsQBlSsOGwAAAApJREFUCNdjYAAAAAIAAeIhvDMAAAAASUVORK5CYII=\"  alt=\"\"  class=\"wp-image-84477 pk-lazyload\"  data-pk-sizes=\"auto\"  data-pk-src=\"https:\/\/radiosolaris.com.br\/beta\/wp-content\/uploads\/2022\/07\/Festas-do-Colono-e-Motorista-reunem-comunidades-de-Flores-da-Cunha-e-Nova-Padua-4-1024x768.jpeg\" ><\/a><\/figure>\n<figcaption class=\"blocks-gallery-caption\">Fotos: Bruna Picinini\/ Grupo Solaris<\/figcaption><\/figure>\n\n\n\n<p>J\u00e1 no distrito de Ot\u00e1vio Rocha, em Flores da Cunha, a Festa da Col\u00f4nia tamb\u00e9m reuniu a comunidade<a href=\"https:\/\/fb.watch\/eunk_RIyAO\/\" data-type=\"URL\" data-id=\"https:\/\/fb.watch\/eunk_RIyAO\/\" target=\"_blank\" rel=\"noreferrer noopener\">. A missa, a ben\u00e7\u00e3o dos tratores<\/a> e a inaugura\u00e7\u00e3o da escultura de \u2018Deus Pai\u2019 no campan\u00e1rio da Igreja S\u00e3o Marcos, que completou 100 anos da inaugura\u00e7\u00e3o em 2021, marcaram o festejo deste domingo.<\/p>\n\n\n\n<p>O prefeito C\u00e9sar Ulian, o subprefeito do distrito florense, Bruno Debon e o presidente do Sindicato dos Trabalhadores Rurais, Olir Schiavenin exaltaram a comunidade e os colonos e motoristas que fazem progredir a economia local e nacional.<\/p>\n\n\n\n<figure class=\"wp-block-gallery has-nested-images columns-1 is-cropped wp-block-gallery-2 is-layout-flex wp-block-gallery-is-layout-flex\">\n<figure class=\"wp-block-image size-large\"><a href=\"https:\/\/radiosolaris.com.br\/beta\/wp-content\/uploads\/2022\/07\/Festas-do-Colono-e-Motorista-reunem-comunidades-de-Flores-da-Cunha-e-Nova-Padua-3.jpeg\"><img  loading=\"lazy\"  decoding=\"async\"  width=\"1024\"  height=\"577\"  data-id=\"84482\"  src=\"data:image\/png;base64,iVBORw0KGgoAAAANSUhEUgAAAAEAAAABAQMAAAAl21bKAAAAA1BMVEUAAP+KeNJXAAAAAXRSTlMAQObYZgAAAAlwSFlzAAAOxAAADsQBlSsOGwAAAApJREFUCNdjYAAAAAIAAeIhvDMAAAAASUVORK5CYII=\"  alt=\"\"  class=\"wp-image-84482 pk-lazyload\"  data-pk-sizes=\"auto\"  data-ls-sizes=\"auto, (max-width: 1024px) 100vw, 1024px\"  data-pk-src=\"https:\/\/radiosolaris.com.br\/beta\/wp-content\/uploads\/2022\/07\/Festas-do-Colono-e-Motorista-reunem-comunidades-de-Flores-da-Cunha-e-Nova-Padua-3-1024x577.jpeg\"  data-pk-srcset=\"https:\/\/radiosolaris.com.br\/beta\/wp-content\/uploads\/2022\/07\/Festas-do-Colono-e-Motorista-reunem-comunidades-de-Flores-da-Cunha-e-Nova-Padua-3-1024x577.jpeg 1024w, https:\/\/radiosolaris.com.br\/beta\/wp-content\/uploads\/2022\/07\/Festas-do-Colono-e-Motorista-reunem-comunidades-de-Flores-da-Cunha-e-Nova-Padua-3-300x169.jpeg 300w, https:\/\/radiosolaris.com.br\/beta\/wp-content\/uploads\/2022\/07\/Festas-do-Colono-e-Motorista-reunem-comunidades-de-Flores-da-Cunha-e-Nova-Padua-3-768x432.jpeg 768w, https:\/\/radiosolaris.com.br\/beta\/wp-content\/uploads\/2022\/07\/Festas-do-Colono-e-Motorista-reunem-comunidades-de-Flores-da-Cunha-e-Nova-Padua-3.jpeg 1280w\" ><\/a><\/figure>\n\n\n\n<figure class=\"wp-block-image size-large\"><a href=\"https:\/\/radiosolaris.com.br\/beta\/wp-content\/uploads\/2022\/07\/Festas-do-Colono-e-Motorista-reunem-comunidades-de-Flores-da-Cunha-e-Nova-Padua-2.jpeg\"><img  loading=\"lazy\"  decoding=\"async\"  width=\"1024\"  height=\"577\"  data-id=\"84480\"  src=\"data:image\/png;base64,iVBORw0KGgoAAAANSUhEUgAAAAEAAAABAQMAAAAl21bKAAAAA1BMVEUAAP+KeNJXAAAAAXRSTlMAQObYZgAAAAlwSFlzAAAOxAAADsQBlSsOGwAAAApJREFUCNdjYAAAAAIAAeIhvDMAAAAASUVORK5CYII=\"  alt=\"\"  class=\"wp-image-84480 pk-lazyload\"  data-pk-sizes=\"auto\"  data-ls-sizes=\"auto, (max-width: 1024px) 100vw, 1024px\"  data-pk-src=\"https:\/\/radiosolaris.com.br\/beta\/wp-content\/uploads\/2022\/07\/Festas-do-Colono-e-Motorista-reunem-comunidades-de-Flores-da-Cunha-e-Nova-Padua-2-1024x577.jpeg\"  data-pk-srcset=\"https:\/\/radiosolaris.com.br\/beta\/wp-content\/uploads\/2022\/07\/Festas-do-Colono-e-Motorista-reunem-comunidades-de-Flores-da-Cunha-e-Nova-Padua-2-1024x577.jpeg 1024w, https:\/\/radiosolaris.com.br\/beta\/wp-content\/uploads\/2022\/07\/Festas-do-Colono-e-Motorista-reunem-comunidades-de-Flores-da-Cunha-e-Nova-Padua-2-300x169.jpeg 300w, https:\/\/radiosolaris.com.br\/beta\/wp-content\/uploads\/2022\/07\/Festas-do-Colono-e-Motorista-reunem-comunidades-de-Flores-da-Cunha-e-Nova-Padua-2-768x432.jpeg 768w, https:\/\/radiosolaris.com.br\/beta\/wp-content\/uploads\/2022\/07\/Festas-do-Colono-e-Motorista-reunem-comunidades-de-Flores-da-Cunha-e-Nova-Padua-2.jpeg 1280w\" ><\/a><\/figure>\n\n\n\n<figure class=\"wp-block-image size-large\"><a href=\"https:\/\/radiosolaris.com.br\/beta\/wp-content\/uploads\/2022\/07\/Festas-do-Colono-e-Motorista-reunem-comunidades-de-Flores-da-Cunha-e-Nova-Padua-1.jpeg\"><img  decoding=\"async\"  data-id=\"84481\"  src=\"data:image\/png;base64,iVBORw0KGgoAAAANSUhEUgAAAAEAAAABAQMAAAAl21bKAAAAA1BMVEUAAP+KeNJXAAAAAXRSTlMAQObYZgAAAAlwSFlzAAAOxAAADsQBlSsOGwAAAApJREFUCNdjYAAAAAIAAeIhvDMAAAAASUVORK5CYII=\"  alt=\"\"  class=\"wp-image-84481 pk-lazyload\"  data-pk-sizes=\"auto\"  data-pk-src=\"https:\/\/radiosolaris.com.br\/beta\/wp-content\/uploads\/2022\/07\/Festas-do-Colono-e-Motorista-reunem-comunidades-de-Flores-da-Cunha-e-Nova-Padua-1-1024x577.jpeg\" ><\/a><\/figure>\n<figcaption class=\"blocks-gallery-caption\">Fotos: J\u00e9ssica Sotoriva\/ Grupo Solaris<\/figcaption><\/figure>\n","protected":false},"excerpt":{"rendered":"<p>As celebra\u00e7\u00f5es ocorreram na manh\u00e3 deste domingo (24) e contaram com missas, ben\u00e7\u00e3os dos tratores e caminh\u00f5es e almo\u00e7o t\u00edpico Com tratora\u00e7o, ben\u00e7\u00e3o aos tratores e caminh\u00f5es e almo\u00e7o t\u00edpico,&hellip;<\/p>\n","protected":false},"author":16,"featured_media":84477,"comment_status":"closed","ping_status":"closed","sticky":false,"template":"","format":"standard","meta":{"_lmt_disableupdate":"","_lmt_disable":"","footnotes":""},"categories":[83],"tags":[704,4280,7740,12793,12789,114,357,167,1923,3182,992,283],"powerkit_post_featured":[],"class_list":{"0":"post-84476","1":"post","2":"type-post","3":"status-publish","4":"format-standard","5":"has-post-thumbnail","7":"category-serra-gaucha","8":"tag-agricultor","9":"tag-colono","10":"tag-colono-e-motorista","11":"tag-desfile-de-tratores-e-caminhoes","12":"tag-festa-colono-e-motorista","13":"tag-flores-da-cunha","14":"tag-motorista","15":"tag-nova-padua","16":"tag-otavio-rocha-2","17":"tag-radio-solaris-fm-99-1","18":"tag-serra","19":"tag-serra-gaucha"},"modified_by":"Bruna Picinini","_links":{"self":[{"href":"https:\/\/radiosolaris.com.br\/beta\/wp-json\/wp\/v2\/posts\/84476","targetHints":{"allow":["GET"]}}],"collection":[{"href":"https:\/\/radiosolaris.com.br\/beta\/wp-json\/wp\/v2\/posts"}],"about":[{"href":"https:\/\/radiosolaris.com.br\/beta\/wp-json\/wp\/v2\/types\/post"}],"author":[{"embeddable":true,"href":"https:\/\/radiosolaris.com.br\/beta\/wp-json\/wp\/v2\/users\/16"}],"replies":[{"embeddable":true,"href":"https:\/\/radiosolaris.com.br\/beta\/wp-json\/wp\/v2\/comments?post=84476"}],"version-history":[{"count":0,"href":"https:\/\/radiosolaris.com.br\/beta\/wp-json\/wp\/v2\/posts\/84476\/revisions"}],"wp:featuredmedia":[{"embeddable":true,"href":"https:\/\/radiosolaris.com.br\/beta\/wp-json\/wp\/v2\/media\/84477"}],"wp:attachment":[{"href":"https:\/\/radiosolaris.com.br\/beta\/wp-json\/wp\/v2\/media?parent=84476"}],"wp:term":[{"taxonomy":"category","embeddable":true,"href":"https:\/\/radiosolaris.com.br\/beta\/wp-json\/wp\/v2\/categories?post=84476"},{"taxonomy":"post_tag","embeddable":true,"href":"https:\/\/radiosolaris.com.br\/beta\/wp-json\/wp\/v2\/tags?post=84476"},{"taxonomy":"powerkit_post_featured","embeddable":true,"href":"https:\/\/radiosolaris.com.br\/beta\/wp-json\/wp\/v2\/powerkit_post_featured?post=84476"}],"curies":[{"name":"wp","href":"https:\/\/api.w.org\/{rel}","templated":true}]}}