{"id":84430,"date":"2022-07-23T11:38:16","date_gmt":"2022-07-23T14:38:16","guid":{"rendered":"https:\/\/radiosolaris.com.br\/beta\/?p=84430"},"modified":"2022-07-23T11:38:18","modified_gmt":"2022-07-23T14:38:18","slug":"homem-com-mandado-em-aberto-e-preso-em-farroupilha","status":"publish","type":"post","link":"https:\/\/radiosolaris.com.br\/beta\/homem-com-mandado-em-aberto-e-preso-em-farroupilha\/","title":{"rendered":"Homem com mandado em aberto \u00e9 preso em Farroupilha"},"content":{"rendered":"\n<h4 id=\"o-individuo-de-58-anos-ja-possui-antecedentes-e-possuia-mandado-de-prisao-em-aberto-por-estupro-de-vulneravel\" class=\"wp-block-heading\">O indiv\u00edduo de 58 anos j\u00e1 possui antecedentes e possu\u00eda mandado de pris\u00e3o em aberto por estupro de vulner\u00e1vel<\/h4>\n\n\n\n<p>A Brigada Militar de Farroupilha efetuou neste s\u00e1bado (23), \u00e0s 9h15min pris\u00e3o por cumprimento de mandado.<\/p>\n\n\n\n<p>O fato ocorreu na Rua Ant\u00f4nio Sachet, bairro 1\u00ba de Maio, local em que a guarni\u00e7\u00e3o estava realizando Patrulhamento Ostensivo, quando abordou um ve\u00edculo, Fiat Uno e ao consultar os dados do motorista, um homem de 58 anos, foi constatado mandado de pris\u00e3o em aberto junto ao CNJ por estupro de vulner\u00e1vel.<\/p>\n\n\n\n<p>Diante do fato foi dada voz de pris\u00e3o e o indiv\u00edduo foi encaminhado ao Hospital S\u00e3o Carlos para Laudo e posteriormente a Delegacia de Pol\u00edcia de Pronto Atendimento os demais tr\u00e2mites.<\/p>\n\n\n\n<p>O homem j\u00e1 possui antecedentes por les\u00e3o corporal, viol\u00eancia dom\u00e9stica, difama\u00e7\u00e3o, estupro de vulner\u00e1vel, entre outros crimes.<\/p>\n","protected":false},"excerpt":{"rendered":"<p>O indiv\u00edduo de 58 anos j\u00e1 possui antecedentes e possu\u00eda mandado de pris\u00e3o em aberto por estupro de vulner\u00e1vel A Brigada Militar de Farroupilha efetuou neste s\u00e1bado (23), \u00e0s 9h15min&hellip;<\/p>\n","protected":false},"author":1,"featured_media":83285,"comment_status":"closed","ping_status":"closed","sticky":false,"template":"","format":"standard","meta":{"_lmt_disableupdate":"","_lmt_disable":"","footnotes":""},"categories":[1],"tags":[10154,424,12781],"powerkit_post_featured":[],"class_list":{"0":"post-84430","1":"post","2":"type-post","3":"status-publish","4":"format-standard","5":"has-post-thumbnail","7":"category-geral","8":"tag-estupro-de-vulneravel","9":"tag-farroupilha","10":"tag-mandado-de-prisao-em-aberto"},"modified_by":null,"_links":{"self":[{"href":"https:\/\/radiosolaris.com.br\/beta\/wp-json\/wp\/v2\/posts\/84430","targetHints":{"allow":["GET"]}}],"collection":[{"href":"https:\/\/radiosolaris.com.br\/beta\/wp-json\/wp\/v2\/posts"}],"about":[{"href":"https:\/\/radiosolaris.com.br\/beta\/wp-json\/wp\/v2\/types\/post"}],"author":[{"embeddable":true,"href":"https:\/\/radiosolaris.com.br\/beta\/wp-json\/wp\/v2\/users\/1"}],"replies":[{"embeddable":true,"href":"https:\/\/radiosolaris.com.br\/beta\/wp-json\/wp\/v2\/comments?post=84430"}],"version-history":[{"count":0,"href":"https:\/\/radiosolaris.com.br\/beta\/wp-json\/wp\/v2\/posts\/84430\/revisions"}],"wp:featuredmedia":[{"embeddable":true,"href":"https:\/\/radiosolaris.com.br\/beta\/wp-json\/wp\/v2\/media\/83285"}],"wp:attachment":[{"href":"https:\/\/radiosolaris.com.br\/beta\/wp-json\/wp\/v2\/media?parent=84430"}],"wp:term":[{"taxonomy":"category","embeddable":true,"href":"https:\/\/radiosolaris.com.br\/beta\/wp-json\/wp\/v2\/categories?post=84430"},{"taxonomy":"post_tag","embeddable":true,"href":"https:\/\/radiosolaris.com.br\/beta\/wp-json\/wp\/v2\/tags?post=84430"},{"taxonomy":"powerkit_post_featured","embeddable":true,"href":"https:\/\/radiosolaris.com.br\/beta\/wp-json\/wp\/v2\/powerkit_post_featured?post=84430"}],"curies":[{"name":"wp","href":"https:\/\/api.w.org\/{rel}","templated":true}]}}