{"id":84280,"date":"2022-07-21T08:49:47","date_gmt":"2022-07-21T11:49:47","guid":{"rendered":"https:\/\/radiosolaris.com.br\/beta\/?p=84280"},"modified":"2022-07-21T09:01:14","modified_gmt":"2022-07-21T12:01:14","slug":"caminhao-de-cacador-tomba-proximo-a-entrada-capela-pompeia-em-ipe","status":"publish","type":"post","link":"https:\/\/radiosolaris.com.br\/beta\/caminhao-de-cacador-tomba-proximo-a-entrada-capela-pompeia-em-ipe\/","title":{"rendered":"Caminh\u00e3o de Ca\u00e7ador tomba pr\u00f3ximo a entrada da Capela Pomp\u00e9ia em Ip\u00ea"},"content":{"rendered":"\n<h4 id=\"caso-aconteceu-proximo-ao-meio-dia-da-quarta-feira20\" class=\"wp-block-heading\">Caso aconteceu pr\u00f3ximo ao meio dia da quarta-feira(20)<\/h4>\n\n\n\n<p>Na \u00faltima quarta-feira(20), a guarni\u00e7\u00e3o do Corpo de Bombeiros Volunt\u00e1rios de Ant\u00f4nio Prado, foi acionada para atender um acidente envolvendo um caminh\u00e3o volvo na ERS 122, km 137, pr\u00f3ximo a entrada da Capela Pomp\u00e9ia em Ip\u00ea.<\/p>\n\n\n\n<p>Conforme os bombeiros, o caminh\u00e3o com placa Mercosul de Ca\u00e7ador estava seguindo para Port\u00e3o, no Rio Grande do Sul. Carregado com raspa de couro, o motorista conta que a carga pendeu na curva o que causou o tombamento do ve\u00edculo.<\/p>\n\n\n\n<p>Ningu\u00e9m se feriu e a via j\u00e1 se encontra liberada.<\/p>\n","protected":false},"excerpt":{"rendered":"<p>Caso aconteceu pr\u00f3ximo ao meio dia da quarta-feira(20) Na \u00faltima quarta-feira(20), a guarni\u00e7\u00e3o do Corpo de Bombeiros Volunt\u00e1rios de Ant\u00f4nio Prado, foi acionada para atender um acidente envolvendo um caminh\u00e3o&hellip;<\/p>\n","protected":false},"author":20,"featured_media":84281,"comment_status":"closed","ping_status":"closed","sticky":false,"template":"","format":"standard","meta":{"_lmt_disableupdate":"","_lmt_disable":"","footnotes":""},"categories":[1],"tags":[307,580,116],"powerkit_post_featured":[],"class_list":{"0":"post-84280","1":"post","2":"type-post","3":"status-publish","4":"format-standard","5":"has-post-thumbnail","7":"category-geral","8":"tag-acidente","9":"tag-caminhao","10":"tag-ipe"},"modified_by":null,"_links":{"self":[{"href":"https:\/\/radiosolaris.com.br\/beta\/wp-json\/wp\/v2\/posts\/84280","targetHints":{"allow":["GET"]}}],"collection":[{"href":"https:\/\/radiosolaris.com.br\/beta\/wp-json\/wp\/v2\/posts"}],"about":[{"href":"https:\/\/radiosolaris.com.br\/beta\/wp-json\/wp\/v2\/types\/post"}],"author":[{"embeddable":true,"href":"https:\/\/radiosolaris.com.br\/beta\/wp-json\/wp\/v2\/users\/20"}],"replies":[{"embeddable":true,"href":"https:\/\/radiosolaris.com.br\/beta\/wp-json\/wp\/v2\/comments?post=84280"}],"version-history":[{"count":0,"href":"https:\/\/radiosolaris.com.br\/beta\/wp-json\/wp\/v2\/posts\/84280\/revisions"}],"wp:featuredmedia":[{"embeddable":true,"href":"https:\/\/radiosolaris.com.br\/beta\/wp-json\/wp\/v2\/media\/84281"}],"wp:attachment":[{"href":"https:\/\/radiosolaris.com.br\/beta\/wp-json\/wp\/v2\/media?parent=84280"}],"wp:term":[{"taxonomy":"category","embeddable":true,"href":"https:\/\/radiosolaris.com.br\/beta\/wp-json\/wp\/v2\/categories?post=84280"},{"taxonomy":"post_tag","embeddable":true,"href":"https:\/\/radiosolaris.com.br\/beta\/wp-json\/wp\/v2\/tags?post=84280"},{"taxonomy":"powerkit_post_featured","embeddable":true,"href":"https:\/\/radiosolaris.com.br\/beta\/wp-json\/wp\/v2\/powerkit_post_featured?post=84280"}],"curies":[{"name":"wp","href":"https:\/\/api.w.org\/{rel}","templated":true}]}}