{"id":84053,"date":"2022-07-19T07:38:56","date_gmt":"2022-07-19T10:38:56","guid":{"rendered":"https:\/\/radiosolaris.com.br\/beta\/?p=84053"},"modified":"2022-07-19T07:38:58","modified_gmt":"2022-07-19T10:38:58","slug":"legislativo-de-flores-da-cunha-aprova-autorizacao-de-credito-ao-projeto-conviver","status":"publish","type":"post","link":"https:\/\/radiosolaris.com.br\/beta\/legislativo-de-flores-da-cunha-aprova-autorizacao-de-credito-ao-projeto-conviver\/","title":{"rendered":"Legislativo de Flores da Cunha aprova autoriza\u00e7\u00e3o de cr\u00e9dito ao projeto Conviver"},"content":{"rendered":"\n<h4 id=\"vereadores-acataram-tambem-a-mocao-de-apoio-ao-chamamento-dos-aprovados-no-concurso-da-susepe-rs\" class=\"wp-block-heading\">Vereadores acataram tamb\u00e9m a mo\u00e7\u00e3o de apoio ao chamamento dos aprovados no concurso da SUSEPE-RS<\/h4>\n\n\n\n<p>Na sess\u00e3o ordin\u00e1ria da C\u00e2mara Municipal de Flores da Cunha desta segunda-feira (18), os vereadores aprovaram o projeto de lei que autoriza abertura de um cr\u00e9dito de R$ 140 mil, destinados ao projeto Conviver. O legislativo tamb\u00e9m aprovou a mo\u00e7\u00e3o de apoio ao chamamento de todos os aprovados na primeira fase do concurso vigente da SUSEPE-RS.<\/p>\n\n\n\n<p>Durante o grande expediente, o vereador Diego Tonet (Progressistas) falou sobre a aproxima\u00e7\u00e3o do per\u00edodo eleitoral e comentou a pol\u00eamica envolvendo bandeira nacional como s\u00edmbolo de propaganda eleitoral. O parlamentar tamb\u00e9m falou sobre a polariza\u00e7\u00e3o e falou da import\u00e2ncia do di\u00e1logo para favorecer a democracia. Tonet anunciou ainda sua licen\u00e7a no m\u00eas de agosto e que a colega de partido Fatima Finger dever\u00e1 ocupar a sua vaga.<\/p>\n\n\n\n<p>O vereador Hor\u00e1cio Natalino Rech (PSB) comentou a visita do senador Lasier Martins (Podemos) ao munic\u00edpio no dia 8 de julho. Rech relatou que acompanhou o senador em agenda que passou pelo gabinete do prefeito, pelo Hospital F\u00e1tima, ocasi\u00e3o em que agradeceram os R$ 200mil em emendas do senador, e ainda pelo Jornal O florense, R\u00e1dio Solaris, finalizando no jantar comemorativo aos 66 anos do Hospital.<\/p>\n\n\n\n<p>O vereador Carlos Roberto Forlin (MDB) comentou sobre o reajuste das tarifas do tax\u00edmetro. O vereador informou que est\u00e1 recolhendo assinaturas de propriet\u00e1rios e motoristas auxiliares para pedir o reajuste no munic\u00edpio conforme a legisla\u00e7\u00e3o caxiense, aprovada pela C\u00e2mara no m\u00eas de junho. O vereador argumenta o aumento de combust\u00edveis, o custo de manuten\u00e7\u00e3o, como reparos, troca de pneus e seguros.<br>Confira as proposi\u00e7\u00f5es aprovadas<\/p>\n\n\n\n<p>Projeto de Lei n\u00ba 053\/2022: Autoriza a abertura de um Cr\u00e9dito Adicional Especial no valor de R$ 140 mil.<br>Entenda: Os recursos destinam-se ao Projeto Conviver que se operacionaliza pelo Servi\u00e7o de Conviv\u00eancia e Fortalecimento de V\u00ednculos \u2013 SCFV, que \u00e9 um servi\u00e7o da Prote\u00e7\u00e3o Social B\u00e1sica do SUAS, ofertado de forma complementar ao trabalho social com fam\u00edlias realizado por meio do Servi\u00e7o de Prote\u00e7\u00e3o e Atendimento Integral \u00e0s Fam\u00edlias (PAIF) e do Servi\u00e7o de Prote\u00e7\u00e3o e Atendimento Especializado \u00e0s Fam\u00edlias e Indiv\u00edduos (PAEFI), ambos coordenados pelo Centro de Refer\u00eancia de Assist\u00eancia Social \u2013 CRAS.<\/p>\n\n\n\n<p>Mo\u00e7\u00e3o n\u00ba 012\/2022: de APOIO ao chamamento de todos os aprovados na primeira fase do concurso vigente da SUSEPE-RS, para que sejam convocados para a realiza\u00e7\u00e3o do Teste de Aptid\u00e3o F\u00edsica (TAF) e demais etapas do certame.<\/p>\n\n\n\n<figure class=\"wp-block-image size-large\"><img  decoding=\"async\"  src=\"data:image\/png;base64,iVBORw0KGgoAAAANSUhEUgAABIgAAANmAQMAAACrCyL8AAAAA1BMVEUAAP+KeNJXAAAAAXRSTlMAQObYZgAAAAlwSFlzAAAOxAAADsQBlSsOGwAAAJJJREFUeNrtwTEBAAAAwqD1T20JT6AAAAAAAAAAAAAAAAAAAAAAAAAAAAAAAAAAAAAAAAAAAAAAAAAAAAAAAAAAAAAAAAAAAAAAAAAAAAAAAAAAAAAAAAAAAAAAAAAAAAAAAAAAAAAAAAAAAAAAAAAAAAAAAAAAAAAAAAAAAAAAAAAAAAAAAAAAAAAAAAAAAAD+BvA7AAGTZkFsAAAAAElFTkSuQmCC\"  alt=\"\"  class=\"wp-image-84054 pk-lazyload\"  data-pk-sizes=\"auto\"  data-pk-src=\"https:\/\/radiosolaris.com.br\/beta\/wp-content\/uploads\/2022\/07\/20220718-Sessao-01-1024x768.jpg\" ><figcaption>Foto: Shamila Carpeggiani<\/figcaption><\/figure>\n\n\n\n<p><\/p>\n","protected":false},"excerpt":{"rendered":"<p>Vereadores acataram tamb\u00e9m a mo\u00e7\u00e3o de apoio ao chamamento dos aprovados no concurso da SUSEPE-RS Na sess\u00e3o ordin\u00e1ria da C\u00e2mara Municipal de Flores da Cunha desta segunda-feira (18), os vereadores&hellip;<\/p>\n","protected":false},"author":19,"featured_media":84054,"comment_status":"closed","ping_status":"closed","sticky":false,"template":"","format":"standard","meta":{"_lmt_disableupdate":"","_lmt_disable":"","footnotes":""},"categories":[83],"tags":[114,1436,12661,283,1272],"powerkit_post_featured":[],"class_list":{"0":"post-84053","1":"post","2":"type-post","3":"status-publish","4":"format-standard","5":"has-post-thumbnail","7":"category-serra-gaucha","8":"tag-flores-da-cunha","9":"tag-legislativo","10":"tag-projeto-conviver","11":"tag-serra-gaucha","12":"tag-vereadores"},"modified_by":"Luciano Pettorini","_links":{"self":[{"href":"https:\/\/radiosolaris.com.br\/beta\/wp-json\/wp\/v2\/posts\/84053","targetHints":{"allow":["GET"]}}],"collection":[{"href":"https:\/\/radiosolaris.com.br\/beta\/wp-json\/wp\/v2\/posts"}],"about":[{"href":"https:\/\/radiosolaris.com.br\/beta\/wp-json\/wp\/v2\/types\/post"}],"author":[{"embeddable":true,"href":"https:\/\/radiosolaris.com.br\/beta\/wp-json\/wp\/v2\/users\/19"}],"replies":[{"embeddable":true,"href":"https:\/\/radiosolaris.com.br\/beta\/wp-json\/wp\/v2\/comments?post=84053"}],"version-history":[{"count":0,"href":"https:\/\/radiosolaris.com.br\/beta\/wp-json\/wp\/v2\/posts\/84053\/revisions"}],"wp:featuredmedia":[{"embeddable":true,"href":"https:\/\/radiosolaris.com.br\/beta\/wp-json\/wp\/v2\/media\/84054"}],"wp:attachment":[{"href":"https:\/\/radiosolaris.com.br\/beta\/wp-json\/wp\/v2\/media?parent=84053"}],"wp:term":[{"taxonomy":"category","embeddable":true,"href":"https:\/\/radiosolaris.com.br\/beta\/wp-json\/wp\/v2\/categories?post=84053"},{"taxonomy":"post_tag","embeddable":true,"href":"https:\/\/radiosolaris.com.br\/beta\/wp-json\/wp\/v2\/tags?post=84053"},{"taxonomy":"powerkit_post_featured","embeddable":true,"href":"https:\/\/radiosolaris.com.br\/beta\/wp-json\/wp\/v2\/powerkit_post_featured?post=84053"}],"curies":[{"name":"wp","href":"https:\/\/api.w.org\/{rel}","templated":true}]}}