{"id":84045,"date":"2022-07-18T23:06:45","date_gmt":"2022-07-19T02:06:45","guid":{"rendered":"https:\/\/radiosolaris.com.br\/beta\/?p=84045"},"modified":"2022-07-18T23:06:50","modified_gmt":"2022-07-19T02:06:50","slug":"foragido-da-justica-e-capturado-na-rua-conselheiro-dantas-em-caxias-do-sul","status":"publish","type":"post","link":"https:\/\/radiosolaris.com.br\/beta\/foragido-da-justica-e-capturado-na-rua-conselheiro-dantas-em-caxias-do-sul\/","title":{"rendered":"Foragido da justi\u00e7a \u00e9 capturado na rua Conselheiro Dantas, em Caxias do Sul"},"content":{"rendered":"\n<h4 id=\"a-prisao-foi-realizada-pelos-policiais-do-canil-da-brigada-militar-na-tarde-desta-segunda-feira-18\" class=\"wp-block-heading\">A pris\u00e3o foi realizada pelos policiais do Canil da Brigada Militar na tarde desta segunda-feira (18)<\/h4>\n\n\n\n<p>Um homem que estava com um mandado de pris\u00e3o em aberto foi preso pela Brigada Militar de Caxias do Sul na tarde desta segunda-feira (18). A pris\u00e3o ocorreu por volta das 15h na rua Conselheiro Dantas, regi\u00e3o central da cidade, quando policiais do Canil localizaram o homem.<\/p>\n\n\n\n<p>Com o bandido foram encontrados um rev\u00f3lver calibre .38 e 11 muni\u00e7\u00f5es, al\u00e9m de tr\u00eas aparelhos celulares.<br><br>O homem foi conduzido para a Delegacia da Pol\u00edcia Civil, onde foi autuado em flagrante.<\/p>\n\n\n\n<figure class=\"wp-block-gallery has-nested-images columns-default is-cropped wp-block-gallery-1 is-layout-flex wp-block-gallery-is-layout-flex\">\n<figure class=\"wp-block-image size-large\"><a href=\"https:\/\/radiosolaris.com.br\/beta\/wp-content\/uploads\/2022\/07\/WhatsApp-Image-2022-07-18-at-19.45.10-1.jpeg\"><img  loading=\"lazy\"  decoding=\"async\"  width=\"1024\"  height=\"768\"  data-id=\"84046\"  src=\"data:image\/png;base64,iVBORw0KGgoAAAANSUhEUgAAAAEAAAABAQMAAAAl21bKAAAAA1BMVEUAAP+KeNJXAAAAAXRSTlMAQObYZgAAAAlwSFlzAAAOxAAADsQBlSsOGwAAAApJREFUCNdjYAAAAAIAAeIhvDMAAAAASUVORK5CYII=\"  alt=\"\"  class=\"wp-image-84046 pk-lazyload\"  data-pk-sizes=\"auto\"  data-ls-sizes=\"auto, (max-width: 1024px) 100vw, 1024px\"  data-pk-src=\"https:\/\/radiosolaris.com.br\/beta\/wp-content\/uploads\/2022\/07\/WhatsApp-Image-2022-07-18-at-19.45.10-1-1024x768.jpeg\"  data-pk-srcset=\"https:\/\/radiosolaris.com.br\/beta\/wp-content\/uploads\/2022\/07\/WhatsApp-Image-2022-07-18-at-19.45.10-1-1024x768.jpeg 1024w, https:\/\/radiosolaris.com.br\/beta\/wp-content\/uploads\/2022\/07\/WhatsApp-Image-2022-07-18-at-19.45.10-1-300x225.jpeg 300w, https:\/\/radiosolaris.com.br\/beta\/wp-content\/uploads\/2022\/07\/WhatsApp-Image-2022-07-18-at-19.45.10-1-768x576.jpeg 768w, https:\/\/radiosolaris.com.br\/beta\/wp-content\/uploads\/2022\/07\/WhatsApp-Image-2022-07-18-at-19.45.10-1.jpeg 1280w\" ><\/a><\/figure>\n<figcaption class=\"blocks-gallery-caption\">Foto: 12\u00baBPM<\/figcaption><\/figure>\n","protected":false},"excerpt":{"rendered":"<p>A pris\u00e3o foi realizada pelos policiais do Canil da Brigada Militar na tarde desta segunda-feira (18) Um homem que estava com um mandado de pris\u00e3o em aberto foi preso pela&hellip;<\/p>\n","protected":false},"author":17,"featured_media":83285,"comment_status":"closed","ping_status":"closed","sticky":false,"template":"","format":"standard","meta":{"_lmt_disableupdate":"","_lmt_disable":"","footnotes":""},"categories":[83],"tags":[12660,12462,148,12659,283],"powerkit_post_featured":[],"class_list":{"0":"post-84045","1":"post","2":"type-post","3":"status-publish","4":"format-standard","5":"has-post-thumbnail","7":"category-serra-gaucha","8":"tag-bairro-lourdes","9":"tag-bairro-sagrada-familia","10":"tag-caxias-do-sul","11":"tag-rua-conselheiro-dantas","12":"tag-serra-gaucha"},"modified_by":"Igor Panzenhagen","_links":{"self":[{"href":"https:\/\/radiosolaris.com.br\/beta\/wp-json\/wp\/v2\/posts\/84045","targetHints":{"allow":["GET"]}}],"collection":[{"href":"https:\/\/radiosolaris.com.br\/beta\/wp-json\/wp\/v2\/posts"}],"about":[{"href":"https:\/\/radiosolaris.com.br\/beta\/wp-json\/wp\/v2\/types\/post"}],"author":[{"embeddable":true,"href":"https:\/\/radiosolaris.com.br\/beta\/wp-json\/wp\/v2\/users\/17"}],"replies":[{"embeddable":true,"href":"https:\/\/radiosolaris.com.br\/beta\/wp-json\/wp\/v2\/comments?post=84045"}],"version-history":[{"count":0,"href":"https:\/\/radiosolaris.com.br\/beta\/wp-json\/wp\/v2\/posts\/84045\/revisions"}],"wp:featuredmedia":[{"embeddable":true,"href":"https:\/\/radiosolaris.com.br\/beta\/wp-json\/wp\/v2\/media\/83285"}],"wp:attachment":[{"href":"https:\/\/radiosolaris.com.br\/beta\/wp-json\/wp\/v2\/media?parent=84045"}],"wp:term":[{"taxonomy":"category","embeddable":true,"href":"https:\/\/radiosolaris.com.br\/beta\/wp-json\/wp\/v2\/categories?post=84045"},{"taxonomy":"post_tag","embeddable":true,"href":"https:\/\/radiosolaris.com.br\/beta\/wp-json\/wp\/v2\/tags?post=84045"},{"taxonomy":"powerkit_post_featured","embeddable":true,"href":"https:\/\/radiosolaris.com.br\/beta\/wp-json\/wp\/v2\/powerkit_post_featured?post=84045"}],"curies":[{"name":"wp","href":"https:\/\/api.w.org\/{rel}","templated":true}]}}