{"id":83989,"date":"2022-07-18T12:12:10","date_gmt":"2022-07-18T15:12:10","guid":{"rendered":"https:\/\/radiosolaris.com.br\/beta\/?p=83989"},"modified":"2022-07-18T12:12:12","modified_gmt":"2022-07-18T15:12:12","slug":"jovem-morre-em-confronto-com-a-policia-em-farroupilha","status":"publish","type":"post","link":"https:\/\/radiosolaris.com.br\/beta\/jovem-morre-em-confronto-com-a-policia-em-farroupilha\/","title":{"rendered":"Jovem morre em confronto com a pol\u00edcia em Farroupilha"},"content":{"rendered":"\n<h4 id=\"criminoso-de-20-anos-trocou-tiros-com-a-brigada-militar-durante-abordagem-na-manha-desta-segunda-feira-18\" class=\"wp-block-heading\">Criminoso de 20 anos trocou tiros com a Brigada Militar durante abordagem na manh\u00e3 desta segunda-feira (18)<\/h4>\n\n\n\n<p>Um jovem de 20 anos morreu na manh\u00e3 desta segunda-feira (18), ap\u00f3s trocar tiros com a Brigada Militar (BM) em Farroupilha. O fato foi registrado pouco antes das 10h, no km 104,5 da RSC-453, nas imedia\u00e7\u00f5es da Estrada Sertorina. O indiv\u00edduo que foi morto, n\u00e3o teve o nome divulgado, mas era conhecido pelo apelido de \u201cfoguinho\u201d e pertencia a uma fac\u00e7\u00e3o criminosa.<\/p>\n\n\n\n<p>De acordo com a BM, o criminoso estava escondido em uma boate localizada na divisa entre as cidades de Farroupilha e Garibaldi. Foguinho foi localizado pelos policiais durante dilig\u00eancias, sendo que, durante tentativa de abordagem, atirou contra os agentes. Houve troca de tiros e o homem acabou sendo baleado. Com o indiv\u00edduo, foi apreendida uma arma calibre .38 e muni\u00e7\u00f5es.<\/p>\n\n\n\n<p>O homem tinha diversas passagens pela pol\u00edcia, entre elas: posse irregular de arma de fogo (2x), tr\u00e1fico de entorpecentes (3x), associa\u00e7\u00e3o para o tr\u00e1fico, posse de entorpecentes, roubo a estabelecimento comercial, roubo de ve\u00edculo e recepta\u00e7\u00e3o. Al\u00e9m disso, existe a suspeita de que ele estaria envolvido em alguns casos de homic\u00eddios ocorridos em Garibaldi e Bento Gon\u00e7alves.<\/p>\n\n\n\n<figure class=\"wp-block-gallery has-nested-images columns-1 is-cropped wp-block-gallery-1 is-layout-flex wp-block-gallery-is-layout-flex\">\n<figure class=\"wp-block-image size-large\"><a href=\"https:\/\/radiosolaris.com.br\/beta\/wp-content\/uploads\/2022\/07\/Jovem-morre-em-confronto-com-a-policia-em-Farroupilha-3.jpeg\"><img  decoding=\"async\"  data-id=\"83993\"  src=\"data:image\/png;base64,iVBORw0KGgoAAAANSUhEUgAAAAEAAAABAQMAAAAl21bKAAAAA1BMVEUAAP+KeNJXAAAAAXRSTlMAQObYZgAAAAlwSFlzAAAOxAAADsQBlSsOGwAAAApJREFUCNdjYAAAAAIAAeIhvDMAAAAASUVORK5CYII=\"  alt=\"\"  class=\"wp-image-83993 pk-lazyload\"  data-pk-sizes=\"auto\"  data-pk-src=\"https:\/\/radiosolaris.com.br\/beta\/wp-content\/uploads\/2022\/07\/Jovem-morre-em-confronto-com-a-policia-em-Farroupilha-3-1024x839.jpeg\" ><\/a><\/figure>\n\n\n\n<figure class=\"wp-block-image size-large\"><a href=\"https:\/\/radiosolaris.com.br\/beta\/wp-content\/uploads\/2022\/07\/Jovem-morre-em-confronto-com-a-policia-em-Farroupilha-2.jpeg\"><img  loading=\"lazy\"  decoding=\"async\"  width=\"1024\"  height=\"768\"  data-id=\"83992\"  src=\"data:image\/png;base64,iVBORw0KGgoAAAANSUhEUgAAAAEAAAABAQMAAAAl21bKAAAAA1BMVEUAAP+KeNJXAAAAAXRSTlMAQObYZgAAAAlwSFlzAAAOxAAADsQBlSsOGwAAAApJREFUCNdjYAAAAAIAAeIhvDMAAAAASUVORK5CYII=\"  alt=\"\"  class=\"wp-image-83992 pk-lazyload\"  data-pk-sizes=\"auto\"  data-ls-sizes=\"auto, (max-width: 1024px) 100vw, 1024px\"  data-pk-src=\"https:\/\/radiosolaris.com.br\/beta\/wp-content\/uploads\/2022\/07\/Jovem-morre-em-confronto-com-a-policia-em-Farroupilha-2-1024x768.jpeg\"  data-pk-srcset=\"https:\/\/radiosolaris.com.br\/beta\/wp-content\/uploads\/2022\/07\/Jovem-morre-em-confronto-com-a-policia-em-Farroupilha-2-1024x768.jpeg 1024w, https:\/\/radiosolaris.com.br\/beta\/wp-content\/uploads\/2022\/07\/Jovem-morre-em-confronto-com-a-policia-em-Farroupilha-2-300x225.jpeg 300w, https:\/\/radiosolaris.com.br\/beta\/wp-content\/uploads\/2022\/07\/Jovem-morre-em-confronto-com-a-policia-em-Farroupilha-2-768x576.jpeg 768w, https:\/\/radiosolaris.com.br\/beta\/wp-content\/uploads\/2022\/07\/Jovem-morre-em-confronto-com-a-policia-em-Farroupilha-2.jpeg 1280w\" ><\/a><\/figure>\n\n\n\n<figure class=\"wp-block-image size-large\"><a href=\"https:\/\/radiosolaris.com.br\/beta\/wp-content\/uploads\/2022\/07\/Jovem-morre-em-confronto-com-a-policia-em-Farroupilha-1.jpeg\"><img  loading=\"lazy\"  decoding=\"async\"  width=\"768\"  height=\"1024\"  data-id=\"83991\"  src=\"data:image\/png;base64,iVBORw0KGgoAAAANSUhEUgAAAAEAAAABAQMAAAAl21bKAAAAA1BMVEUAAP+KeNJXAAAAAXRSTlMAQObYZgAAAAlwSFlzAAAOxAAADsQBlSsOGwAAAApJREFUCNdjYAAAAAIAAeIhvDMAAAAASUVORK5CYII=\"  alt=\"\"  class=\"wp-image-83991 pk-lazyload\"  data-pk-sizes=\"auto\"  data-ls-sizes=\"auto, (max-width: 768px) 100vw, 768px\"  data-pk-src=\"https:\/\/radiosolaris.com.br\/beta\/wp-content\/uploads\/2022\/07\/Jovem-morre-em-confronto-com-a-policia-em-Farroupilha-1-768x1024.jpeg\"  data-pk-srcset=\"https:\/\/radiosolaris.com.br\/beta\/wp-content\/uploads\/2022\/07\/Jovem-morre-em-confronto-com-a-policia-em-Farroupilha-1-768x1024.jpeg 768w, https:\/\/radiosolaris.com.br\/beta\/wp-content\/uploads\/2022\/07\/Jovem-morre-em-confronto-com-a-policia-em-Farroupilha-1-225x300.jpeg 225w, https:\/\/radiosolaris.com.br\/beta\/wp-content\/uploads\/2022\/07\/Jovem-morre-em-confronto-com-a-policia-em-Farroupilha-1.jpeg 960w\" ><\/a><\/figure>\n\n\n\n<figure class=\"wp-block-image size-large\"><a href=\"https:\/\/radiosolaris.com.br\/beta\/wp-content\/uploads\/2022\/07\/Jovem-morre-em-confronto-com-a-policia-em-Farroupilha-4.jpeg\"><img  decoding=\"async\"  data-id=\"83990\"  src=\"data:image\/png;base64,iVBORw0KGgoAAAANSUhEUgAAAAEAAAABAQMAAAAl21bKAAAAA1BMVEUAAP+KeNJXAAAAAXRSTlMAQObYZgAAAAlwSFlzAAAOxAAADsQBlSsOGwAAAApJREFUCNdjYAAAAAIAAeIhvDMAAAAASUVORK5CYII=\"  alt=\"\"  class=\"wp-image-83990 pk-lazyload\"  data-pk-sizes=\"auto\"  data-pk-src=\"https:\/\/radiosolaris.com.br\/beta\/wp-content\/uploads\/2022\/07\/Jovem-morre-em-confronto-com-a-policia-em-Farroupilha-4-1024x768.jpeg\" ><\/a><\/figure>\n<figcaption class=\"blocks-gallery-caption\">Fotos: Brigada Militar\/ Divulga\u00e7\u00e3o<\/figcaption><\/figure>\n\n\n\n<p><\/p>\n","protected":false},"excerpt":{"rendered":"<p>Criminoso de 20 anos trocou tiros com a Brigada Militar durante abordagem na manh\u00e3 desta segunda-feira (18) Um jovem de 20 anos morreu na manh\u00e3 desta segunda-feira (18), ap\u00f3s trocar&hellip;<\/p>\n","protected":false},"author":13,"featured_media":83993,"comment_status":"closed","ping_status":"closed","sticky":false,"template":"","format":"standard","meta":{"_lmt_disableupdate":"","_lmt_disable":"","footnotes":""},"categories":[83],"tags":[247,158,424,222,540,3040,2626,505,992,283],"powerkit_post_featured":[],"class_list":{"0":"post-83989","1":"post","2":"type-post","3":"status-publish","4":"format-standard","5":"has-post-thumbnail","7":"category-serra-gaucha","8":"tag-brigada-militar","9":"tag-crime","10":"tag-farroupilha","11":"tag-morte","12":"tag-obito","13":"tag-ocorrencia","14":"tag-rsc-453","15":"tag-seguranca-publica","16":"tag-serra","17":"tag-serra-gaucha"},"modified_by":"Filipe Brogliatto","_links":{"self":[{"href":"https:\/\/radiosolaris.com.br\/beta\/wp-json\/wp\/v2\/posts\/83989","targetHints":{"allow":["GET"]}}],"collection":[{"href":"https:\/\/radiosolaris.com.br\/beta\/wp-json\/wp\/v2\/posts"}],"about":[{"href":"https:\/\/radiosolaris.com.br\/beta\/wp-json\/wp\/v2\/types\/post"}],"author":[{"embeddable":true,"href":"https:\/\/radiosolaris.com.br\/beta\/wp-json\/wp\/v2\/users\/13"}],"replies":[{"embeddable":true,"href":"https:\/\/radiosolaris.com.br\/beta\/wp-json\/wp\/v2\/comments?post=83989"}],"version-history":[{"count":0,"href":"https:\/\/radiosolaris.com.br\/beta\/wp-json\/wp\/v2\/posts\/83989\/revisions"}],"wp:featuredmedia":[{"embeddable":true,"href":"https:\/\/radiosolaris.com.br\/beta\/wp-json\/wp\/v2\/media\/83993"}],"wp:attachment":[{"href":"https:\/\/radiosolaris.com.br\/beta\/wp-json\/wp\/v2\/media?parent=83989"}],"wp:term":[{"taxonomy":"category","embeddable":true,"href":"https:\/\/radiosolaris.com.br\/beta\/wp-json\/wp\/v2\/categories?post=83989"},{"taxonomy":"post_tag","embeddable":true,"href":"https:\/\/radiosolaris.com.br\/beta\/wp-json\/wp\/v2\/tags?post=83989"},{"taxonomy":"powerkit_post_featured","embeddable":true,"href":"https:\/\/radiosolaris.com.br\/beta\/wp-json\/wp\/v2\/powerkit_post_featured?post=83989"}],"curies":[{"name":"wp","href":"https:\/\/api.w.org\/{rel}","templated":true}]}}