{"id":83950,"date":"2022-07-18T08:11:38","date_gmt":"2022-07-18T11:11:38","guid":{"rendered":"https:\/\/radiosolaris.com.br\/beta\/?p=83950"},"modified":"2022-07-18T13:31:14","modified_gmt":"2022-07-18T16:31:14","slug":"identificada-vitima-de-acidente-ocorrido-neste-domingo-na-rota-do-sol-em-lajeado-grande","status":"publish","type":"post","link":"https:\/\/radiosolaris.com.br\/beta\/identificada-vitima-de-acidente-ocorrido-neste-domingo-na-rota-do-sol-em-lajeado-grande\/","title":{"rendered":"Identificada v\u00edtima de acidente ocorrido neste domingo, na Rota do Sol, em Lajeado Grande"},"content":{"rendered":"\n<h4 id=\"nilson-rodrigues-63-anos-era-servidor-da-prefeitura-de-vacaria\" class=\"wp-block-heading\">Nilson Rodrigues, 63 anos, era servidor da Prefeitura de Vacaria<\/h4>\n\n\n\n<p>Foi identificado como Nilson Rodrigues, 63 anos, a v\u00edtima do acidente ocorrido na tarde deste domingo (17), na Rota do Sol, pr\u00f3ximo a localidade de Lajeado Grande em S\u00e3o Francisco de Paula.<\/p>\n\n\n\n<p>De acordo com informa\u00e7\u00f5es da Pol\u00edcia Rodovi\u00e1ria Estadual, o acidente envolveu uma caminhonete Renault Oroch, conduzida por Rodrigues, e uma van Renault Master. Cinco pessoas que estavam na van sofreram ferimentos e foram encaminhadas ao hospital de S\u00e3o Francisco de Paula. As causas do acidente ainda s\u00e3o desconhecidas.<\/p>\n\n\n\n<p>Nilson Rodrigues era servidor da Prefeitura de Vacaria.<\/p>\n\n\n\n<figure class=\"wp-block-image size-large\"><img  decoding=\"async\"  src=\"data:image\/png;base64,iVBORw0KGgoAAAANSUhEUgAABIgAAAKNAQMAAABx\/8IJAAAAA1BMVEUAAP+KeNJXAAAAAXRSTlMAQObYZgAAAAlwSFlzAAAOxAAADsQBlSsOGwAAAHNJREFUeNrtwTEBAAAAwqD1T20ND6AAAAAAAAAAAAAAAAAAAAAAAAAAAAAAAAAAAAAAAAAAAAAAAAAAAAAAAAAAAAAAAAAAAAAAAAAAAAAAAAAAAAAAAAAAAAAAAAAAAAAAAAAAAAAAAAAAAAAAAAAAAPgwdHkAAc7CT7QAAAAASUVORK5CYII=\"  alt=\"\"  class=\"wp-image-83951 pk-lazyload\"  data-pk-sizes=\"auto\"  data-pk-src=\"https:\/\/radiosolaris.com.br\/beta\/wp-content\/uploads\/2022\/07\/Design-sem-nome-5-1024x576.jpg\" ><figcaption>Fotos: Rede Sociais<\/figcaption><\/figure>\n","protected":false},"excerpt":{"rendered":"<p>Nilson Rodrigues, 63 anos, era servidor da Prefeitura de Vacaria Foi identificado como Nilson Rodrigues, 63 anos, a v\u00edtima do acidente ocorrido na tarde deste domingo (17), na Rota do&hellip;<\/p>\n","protected":false},"author":19,"featured_media":83951,"comment_status":"closed","ping_status":"closed","sticky":false,"template":"","format":"standard","meta":{"_lmt_disableupdate":"","_lmt_disable":"","footnotes":""},"categories":[83],"tags":[8847,1227,1226,283],"powerkit_post_featured":[],"class_list":{"0":"post-83950","1":"post","2":"type-post","3":"status-publish","4":"format-standard","5":"has-post-thumbnail","7":"category-serra-gaucha","8":"tag-lajeado-grande","9":"tag-rota-do-sol","10":"tag-sao-francisco-de-paula","11":"tag-serra-gaucha"},"modified_by":"Filipe Brogliatto","_links":{"self":[{"href":"https:\/\/radiosolaris.com.br\/beta\/wp-json\/wp\/v2\/posts\/83950","targetHints":{"allow":["GET"]}}],"collection":[{"href":"https:\/\/radiosolaris.com.br\/beta\/wp-json\/wp\/v2\/posts"}],"about":[{"href":"https:\/\/radiosolaris.com.br\/beta\/wp-json\/wp\/v2\/types\/post"}],"author":[{"embeddable":true,"href":"https:\/\/radiosolaris.com.br\/beta\/wp-json\/wp\/v2\/users\/19"}],"replies":[{"embeddable":true,"href":"https:\/\/radiosolaris.com.br\/beta\/wp-json\/wp\/v2\/comments?post=83950"}],"version-history":[{"count":0,"href":"https:\/\/radiosolaris.com.br\/beta\/wp-json\/wp\/v2\/posts\/83950\/revisions"}],"wp:featuredmedia":[{"embeddable":true,"href":"https:\/\/radiosolaris.com.br\/beta\/wp-json\/wp\/v2\/media\/83951"}],"wp:attachment":[{"href":"https:\/\/radiosolaris.com.br\/beta\/wp-json\/wp\/v2\/media?parent=83950"}],"wp:term":[{"taxonomy":"category","embeddable":true,"href":"https:\/\/radiosolaris.com.br\/beta\/wp-json\/wp\/v2\/categories?post=83950"},{"taxonomy":"post_tag","embeddable":true,"href":"https:\/\/radiosolaris.com.br\/beta\/wp-json\/wp\/v2\/tags?post=83950"},{"taxonomy":"powerkit_post_featured","embeddable":true,"href":"https:\/\/radiosolaris.com.br\/beta\/wp-json\/wp\/v2\/powerkit_post_featured?post=83950"}],"curies":[{"name":"wp","href":"https:\/\/api.w.org\/{rel}","templated":true}]}}