{"id":83876,"date":"2022-07-15T10:14:34","date_gmt":"2022-07-15T13:14:34","guid":{"rendered":"https:\/\/radiosolaris.com.br\/beta\/?p=83876"},"modified":"2022-07-15T10:14:41","modified_gmt":"2022-07-15T13:14:41","slug":"volta-as-aulas-presencias-desafio-e-nova-realidade-para-professores-e-alunos","status":"publish","type":"post","link":"https:\/\/radiosolaris.com.br\/beta\/volta-as-aulas-presencias-desafio-e-nova-realidade-para-professores-e-alunos\/","title":{"rendered":"Volta \u00e0s aulas presencias: Desafio e nova realidade para professores e alunos"},"content":{"rendered":"\n<h4 id=\"as-escolas-foram-umas-das-areas-que-mais-sofreram-com-a-parada-da-pandemia\" class=\"wp-block-heading\">As escolas foram umas das \u00e1reas que mais sofreram com a parada da pandemia<\/h4>\n\n\n\n<p>Com a diminui\u00e7\u00e3o dos casos ativos de Covid-19 e o avan\u00e7o da vacina\u00e7\u00e3o, muitas atividades voltaram a sua normalidade, e a volta as aulas presenciais foi uma delas.<\/p>\n\n\n\n<p>Durante a pandemia devido o alto n\u00edvel de transmiss\u00e3o da Covid-19 alunos e professores precisaram se adaptar ao um modelo de estudos remoto, o que se mostrou assim como o home office(termo em ingl\u00eas para trabalhar de casa) uma op\u00e7\u00e3o funcional, por\u00e9m com seus problemas.<\/p>\n\n\n\n<p>Em contato com a professora Rosane Dal Bosco em casa se havia mais conforto por\u00e9m se perdia o contato mais pessoal com colegas e professores. \u201cEles acabaram perdendo a rotina e quando voltaram ao presencial sentiram isso, tanto com o uniforme quanto a hor\u00e1rios e a forma de se portar.\u201d<\/p>\n\n\n\n<p>O per\u00edodo da pandemia tamb\u00e9m trouxe consigo diversos benef\u00edcios tecnol\u00f3gicos e Dal Bosco aponta como um dos maiores avan\u00e7os. \u201dHoje eu consigo fazer a chamada por um aplicativo al\u00e9m de enviar e receber trabalhos, o que facilita a organiza\u00e7\u00e3o e se diminui em muito o consumo de papel.\u201d<\/p>\n\n\n\n<p>Outra dificuldade apontada que foi resolvida com a volta \u00e0s aulas presencias, foi a falta de acesso de alguns alunos a internet, a professora explica que na escola se tem igualdade conseguindo passar o conte\u00fado para todos da mesma maneira.<\/p>\n\n\n\n<p>Em contato com a secret\u00e1ria de Sa\u00fade e Educa\u00e7\u00e3o de ip\u00ea, Anita Magero Conte, aos poucos o ensino volta a sua normalidade. \u201cIniciamos o ano letivo com o prop\u00f3sito de conhecer a realidade do nosso educando, para isso nos primeiros trinta dias de aula, os professores aplicaram em suas turmas atividades diagn\u00f3sticas para avaliar o n\u00edvel de aprendizagem dos alunos, j\u00e1 que vivemos nos anos anteriores uma situa\u00e7\u00e3o at\u00edpica.\u201d<\/p>\n\n\n\n<p>Segundo Conte a\u00e7\u00f5es tamb\u00e9m est\u00e3o sendo tomadas junto a Secretaria, oferecendo atendimento espec\u00edfico para os alunos de forma individualizada ou em pequenos grupos. \u201dAgora p\u00f3s pandemia temos como desafio consolidar habilidades e compet\u00eancias que at\u00e9 ent\u00e3o n\u00e3o foram desenvolvidas.\u201d<\/p>\n\n\n\n<p>A volta as aulas presenciais \u00e9 vista por professores como um resgate ao bom estudo, durante a pandemia muito se perdeu em conte\u00fado tornando um desafio o retorno, para alunos e professores que precisam recuperar o ensino atrasado e seguir com o atual.<\/p>\n","protected":false},"excerpt":{"rendered":"<p>As escolas foram umas das \u00e1reas que mais sofreram com a parada da pandemia Com a diminui\u00e7\u00e3o dos casos ativos de Covid-19 e o avan\u00e7o da vacina\u00e7\u00e3o, muitas atividades voltaram&hellip;<\/p>\n","protected":false},"author":20,"featured_media":83878,"comment_status":"closed","ping_status":"closed","sticky":false,"template":"","format":"standard","meta":{"_lmt_disableupdate":"","_lmt_disable":"","footnotes":""},"categories":[1],"tags":[182,116,3110,12620],"powerkit_post_featured":[],"class_list":{"0":"post-83876","1":"post","2":"type-post","3":"status-publish","4":"format-standard","5":"has-post-thumbnail","7":"category-geral","8":"tag-educacao","9":"tag-ipe","10":"tag-pandemia","11":"tag-vaolta-as-aulas-presenciais"},"modified_by":"Gustavo Zanotto","_links":{"self":[{"href":"https:\/\/radiosolaris.com.br\/beta\/wp-json\/wp\/v2\/posts\/83876","targetHints":{"allow":["GET"]}}],"collection":[{"href":"https:\/\/radiosolaris.com.br\/beta\/wp-json\/wp\/v2\/posts"}],"about":[{"href":"https:\/\/radiosolaris.com.br\/beta\/wp-json\/wp\/v2\/types\/post"}],"author":[{"embeddable":true,"href":"https:\/\/radiosolaris.com.br\/beta\/wp-json\/wp\/v2\/users\/20"}],"replies":[{"embeddable":true,"href":"https:\/\/radiosolaris.com.br\/beta\/wp-json\/wp\/v2\/comments?post=83876"}],"version-history":[{"count":0,"href":"https:\/\/radiosolaris.com.br\/beta\/wp-json\/wp\/v2\/posts\/83876\/revisions"}],"wp:featuredmedia":[{"embeddable":true,"href":"https:\/\/radiosolaris.com.br\/beta\/wp-json\/wp\/v2\/media\/83878"}],"wp:attachment":[{"href":"https:\/\/radiosolaris.com.br\/beta\/wp-json\/wp\/v2\/media?parent=83876"}],"wp:term":[{"taxonomy":"category","embeddable":true,"href":"https:\/\/radiosolaris.com.br\/beta\/wp-json\/wp\/v2\/categories?post=83876"},{"taxonomy":"post_tag","embeddable":true,"href":"https:\/\/radiosolaris.com.br\/beta\/wp-json\/wp\/v2\/tags?post=83876"},{"taxonomy":"powerkit_post_featured","embeddable":true,"href":"https:\/\/radiosolaris.com.br\/beta\/wp-json\/wp\/v2\/powerkit_post_featured?post=83876"}],"curies":[{"name":"wp","href":"https:\/\/api.w.org\/{rel}","templated":true}]}}