{"id":83838,"date":"2022-07-15T07:43:01","date_gmt":"2022-07-15T10:43:01","guid":{"rendered":"https:\/\/radiosolaris.com.br\/beta\/?p=83838"},"modified":"2022-07-15T07:43:03","modified_gmt":"2022-07-15T10:43:03","slug":"homem-que-exibia-armas-nas-redes-sociais-e-preso-em-caxias","status":"publish","type":"post","link":"https:\/\/radiosolaris.com.br\/beta\/homem-que-exibia-armas-nas-redes-sociais-e-preso-em-caxias\/","title":{"rendered":"Homem que exibia armas nas redes sociais \u00e9 preso em Caxias"},"content":{"rendered":"\n<h4 id=\"prisao-aconteceu-no-bairro-santa-fe\" class=\"wp-block-heading\">Pris\u00e3o aconteceu no bairro Santa F\u00e9<\/h4>\n\n\n\n<p>Um homem de 23 anos foi preso por posse irregular de arma de fogo em Caxias. A pris\u00e3o aconteceu por volta das 22h50min desta quinta-feira (14), na Avenida Santa F\u00e9, no bairro Santa F\u00e9.<\/p>\n\n\n\n<p>De acordo com a Brigada Militar (BM), durante patrulhamento t\u00e1tico motorizado no bairro Santa F\u00e9, a equipe do 4\u00b0 Bpchoque foi informada que um indiv\u00edduo estaria postando v\u00eddeos de armas em suas redes sociais. A equipe de deslocou at\u00e9 o endere\u00e7o indicado, onde foi efetuado contato com o pai do autor, o qual autorizou a entrada na resid\u00eancia, e em contato com o suspeito este entregou a equipe uma pistola .380 com dois carregadores e 24 muni\u00e7\u00f5es intactas.<\/p>\n\n\n\n<p>Diante dos fatos foi dado voz de pris\u00e3o ao homem e encaminhado \u00e0 Delegacia de Pol\u00edcia para registro dos fatos.<\/p>\n\n\n\n<p><\/p>\n\n\n\n<figure class=\"wp-block-image size-large\"><img  loading=\"lazy\"  decoding=\"async\"  width=\"768\"  height=\"1024\"  src=\"data:image\/png;base64,iVBORw0KGgoAAAANSUhEUgAAAAEAAAABAQMAAAAl21bKAAAAA1BMVEUAAP+KeNJXAAAAAXRSTlMAQObYZgAAAAlwSFlzAAAOxAAADsQBlSsOGwAAAApJREFUCNdjYAAAAAIAAeIhvDMAAAAASUVORK5CYII=\"  alt=\"\"  class=\"wp-image-83839 pk-lazyload\"  data-pk-sizes=\"auto\"  data-pk-src=\"https:\/\/radiosolaris.com.br\/beta\/wp-content\/uploads\/2022\/07\/WhatsApp-Image-2022-07-15-at-06.49.59-768x1024.jpeg\" ><figcaption>Foto: Brigada Militar<\/figcaption><\/figure>\n","protected":false},"excerpt":{"rendered":"<p>Pris\u00e3o aconteceu no bairro Santa F\u00e9 Um homem de 23 anos foi preso por posse irregular de arma de fogo em Caxias. A pris\u00e3o aconteceu por volta das 22h50min desta&hellip;<\/p>\n","protected":false},"author":19,"featured_media":83840,"comment_status":"closed","ping_status":"closed","sticky":false,"template":"","format":"standard","meta":{"_lmt_disableupdate":"","_lmt_disable":"","footnotes":""},"categories":[83],"tags":[1503,148,706,4590,283],"powerkit_post_featured":[],"class_list":{"0":"post-83838","1":"post","2":"type-post","3":"status-publish","4":"format-standard","5":"has-post-thumbnail","7":"category-serra-gaucha","8":"tag-armas-2","9":"tag-caxias-do-sul","10":"tag-preso","11":"tag-redes-sociais","12":"tag-serra-gaucha"},"modified_by":"Luciano Pettorini","_links":{"self":[{"href":"https:\/\/radiosolaris.com.br\/beta\/wp-json\/wp\/v2\/posts\/83838","targetHints":{"allow":["GET"]}}],"collection":[{"href":"https:\/\/radiosolaris.com.br\/beta\/wp-json\/wp\/v2\/posts"}],"about":[{"href":"https:\/\/radiosolaris.com.br\/beta\/wp-json\/wp\/v2\/types\/post"}],"author":[{"embeddable":true,"href":"https:\/\/radiosolaris.com.br\/beta\/wp-json\/wp\/v2\/users\/19"}],"replies":[{"embeddable":true,"href":"https:\/\/radiosolaris.com.br\/beta\/wp-json\/wp\/v2\/comments?post=83838"}],"version-history":[{"count":0,"href":"https:\/\/radiosolaris.com.br\/beta\/wp-json\/wp\/v2\/posts\/83838\/revisions"}],"wp:featuredmedia":[{"embeddable":true,"href":"https:\/\/radiosolaris.com.br\/beta\/wp-json\/wp\/v2\/media\/83840"}],"wp:attachment":[{"href":"https:\/\/radiosolaris.com.br\/beta\/wp-json\/wp\/v2\/media?parent=83838"}],"wp:term":[{"taxonomy":"category","embeddable":true,"href":"https:\/\/radiosolaris.com.br\/beta\/wp-json\/wp\/v2\/categories?post=83838"},{"taxonomy":"post_tag","embeddable":true,"href":"https:\/\/radiosolaris.com.br\/beta\/wp-json\/wp\/v2\/tags?post=83838"},{"taxonomy":"powerkit_post_featured","embeddable":true,"href":"https:\/\/radiosolaris.com.br\/beta\/wp-json\/wp\/v2\/powerkit_post_featured?post=83838"}],"curies":[{"name":"wp","href":"https:\/\/api.w.org\/{rel}","templated":true}]}}