{"id":83529,"date":"2022-07-12T15:52:17","date_gmt":"2022-07-12T18:52:17","guid":{"rendered":"https:\/\/radiosolaris.com.br\/beta\/?p=83529"},"modified":"2022-07-12T15:52:59","modified_gmt":"2022-07-12T18:52:59","slug":"rota-do-sol-recebe-recapeamento-e-alargamento-de-acessos-em-caxias-do-sul","status":"publish","type":"post","link":"https:\/\/radiosolaris.com.br\/beta\/rota-do-sol-recebe-recapeamento-e-alargamento-de-acessos-em-caxias-do-sul\/","title":{"rendered":"Rota do Sol recebe recapeamento e alargamento de acessos em Caxias do Sul"},"content":{"rendered":"\n<h4 id=\"acidentes-de-transito-inclusive-com-vitimas-impulsionaram-o-apelo-pela-necessidade-de-obras-na-rodovia\" class=\"wp-block-heading\">Acidentes de tr\u00e2nsito, inclusive com v\u00edtimas, impulsionaram o apelo pela necessidade de obras na rodovia<\/h4>\n\n\n\n<p>O trecho urbano da Rota do Sol (RSC-453), pr\u00f3ximo ao bairro Cidade Industrial e Cidade Nova (Km 72), em Caxias do Sul, passou por obras de recapeamento asf\u00e1ltico e alargamento dos acessos, nos \u00faltimos dias. A solicita\u00e7\u00e3o de obras foi feita em raz\u00e3o de diversos acidentes de tr\u00e2nsito ocorridos pr\u00f3ximo deste trecho, incluindo o <a href=\"https:\/\/radiosolaris.com.br\/beta\/acidente-envolvendo-dois-carros-e-dois-caminhoes-deixa-uma-pessoa-morta-na-ers-122-em-caxias\/\">acidente\u00a0que vitimou Eliane Terezinha Castro Fragoso, em junho deste ano.<\/a><\/p>\n\n\n\n<p>Os buracos que eventualmente s\u00e3o causados pelas condi\u00e7\u00f5es clim\u00e1ticas prejudicavam a locomo\u00e7\u00e3o na rodovia que funciona como uma das principais liga\u00e7\u00f5es entre Caxias e Farroupilha, al\u00e9m de ser uma via frequente para moradores e empresas da regi\u00e3o. <\/p>\n\n\n\n<p>A vereadora Tatiane Frizzo (PSDB), o deputado estadual Neri, o Carteiro (PSDB), e a presidente da Amob Cidade Industrial, Marseli Salmin, solicitaram os reparos ao Departamento Aut\u00f4nomo de Estradas de Rodagem (Daer), ainda em mar\u00e7o deste ano.<\/p>\n\n\n\n<p>O of\u00edcio encaminhado ao Daer solicitava, tamb\u00e9m, manuten\u00e7\u00f5es em muros de conten\u00e7\u00e3o, em defensas met\u00e1licas, conserto de canteiros centrais e nivelamento de pista.<br><br>Em abril deste ano, os parlamentares e a l\u00edder comunit\u00e1ria realizaram uma inspe\u00e7\u00e3o t\u00e9cnica na rodovia, em conjunto com o Superintendente Adjunto Regional da 2\u00ba Superintend\u00eancia de Bento Gon\u00e7alves do Daer, Maicon Perini.<\/p>\n\n\n\n<figure class=\"wp-block-gallery has-nested-images columns-default is-cropped wp-block-gallery-1 is-layout-flex wp-block-gallery-is-layout-flex\">\n<figure class=\"wp-block-image size-large\"><img  decoding=\"async\"  data-id=\"83540\"  src=\"data:image\/png;base64,iVBORw0KGgoAAAANSUhEUgAABIgAAAKNAQMAAABx\/8IJAAAAA1BMVEUAAP+KeNJXAAAAAXRSTlMAQObYZgAAAAlwSFlzAAAOxAAADsQBlSsOGwAAAHNJREFUeNrtwTEBAAAAwqD1T20ND6AAAAAAAAAAAAAAAAAAAAAAAAAAAAAAAAAAAAAAAAAAAAAAAAAAAAAAAAAAAAAAAAAAAAAAAAAAAAAAAAAAAAAAAAAAAAAAAAAAAAAAAAAAAAAAAAAAAAAAAAAAAPgwdHkAAc7CT7QAAAAASUVORK5CYII=\"  alt=\"\"  class=\"wp-image-83540 pk-lazyload\"  data-pk-sizes=\"auto\"  data-pk-src=\"https:\/\/radiosolaris.com.br\/beta\/wp-content\/uploads\/2022\/07\/0dcb22a7c4d73970ec04a131a3c01684-1-1024x576.jpeg\" ><\/figure>\n<figcaption class=\"blocks-gallery-caption\"><h4 class=\"text-left\" style=\"font-family: open_sansregular, Verdana, Arial, Helvetica, sans-serif;font-size: 16px;font-weight: 500;line-height: 1.1;margin: 0px;padding: 0px;border: 0px;vertical-align: baseline;background-image: initial;background-position: initial;background-size: initial;background-attachment: initial;text-align: left\"><\/figcaption><\/figure>\n\n\n\n<p>Foto: Marseli Salmin\/Divulga\u00e7\u00e3o<br>Fonte: Douglas Barreto\/Assessoria C\u00e2mara de Vereadores de Caxias do Sul<\/p>\n","protected":false},"excerpt":{"rendered":"<p>Acidentes de tr\u00e2nsito, inclusive com v\u00edtimas, impulsionaram o apelo pela necessidade de obras na rodovia O trecho urbano da Rota do Sol (RSC-453), pr\u00f3ximo ao bairro Cidade Industrial e Cidade&hellip;<\/p>\n","protected":false},"author":17,"featured_media":83540,"comment_status":"closed","ping_status":"closed","sticky":false,"template":"","format":"standard","meta":{"_lmt_disableupdate":"","_lmt_disable":"","footnotes":""},"categories":[83],"tags":[8837,4307,148,424,8846,12549,1227,2626,283],"powerkit_post_featured":[],"class_list":{"0":"post-83529","1":"post","2":"type-post","3":"status-publish","4":"format-standard","5":"has-post-thumbnail","7":"category-serra-gaucha","8":"tag-bairro-cidade-nova","9":"tag-bairro-industrial","10":"tag-caxias-do-sul","11":"tag-farroupilha","12":"tag-obras-na-rota-do-sol","13":"tag-recapeamento-na-rota-do-sol","14":"tag-rota-do-sol","15":"tag-rsc-453","16":"tag-serra-gaucha"},"modified_by":"Igor Panzenhagen","_links":{"self":[{"href":"https:\/\/radiosolaris.com.br\/beta\/wp-json\/wp\/v2\/posts\/83529","targetHints":{"allow":["GET"]}}],"collection":[{"href":"https:\/\/radiosolaris.com.br\/beta\/wp-json\/wp\/v2\/posts"}],"about":[{"href":"https:\/\/radiosolaris.com.br\/beta\/wp-json\/wp\/v2\/types\/post"}],"author":[{"embeddable":true,"href":"https:\/\/radiosolaris.com.br\/beta\/wp-json\/wp\/v2\/users\/17"}],"replies":[{"embeddable":true,"href":"https:\/\/radiosolaris.com.br\/beta\/wp-json\/wp\/v2\/comments?post=83529"}],"version-history":[{"count":0,"href":"https:\/\/radiosolaris.com.br\/beta\/wp-json\/wp\/v2\/posts\/83529\/revisions"}],"wp:featuredmedia":[{"embeddable":true,"href":"https:\/\/radiosolaris.com.br\/beta\/wp-json\/wp\/v2\/media\/83540"}],"wp:attachment":[{"href":"https:\/\/radiosolaris.com.br\/beta\/wp-json\/wp\/v2\/media?parent=83529"}],"wp:term":[{"taxonomy":"category","embeddable":true,"href":"https:\/\/radiosolaris.com.br\/beta\/wp-json\/wp\/v2\/categories?post=83529"},{"taxonomy":"post_tag","embeddable":true,"href":"https:\/\/radiosolaris.com.br\/beta\/wp-json\/wp\/v2\/tags?post=83529"},{"taxonomy":"powerkit_post_featured","embeddable":true,"href":"https:\/\/radiosolaris.com.br\/beta\/wp-json\/wp\/v2\/powerkit_post_featured?post=83529"}],"curies":[{"name":"wp","href":"https:\/\/api.w.org\/{rel}","templated":true}]}}