{"id":83463,"date":"2022-07-11T22:16:13","date_gmt":"2022-07-12T01:16:13","guid":{"rendered":"https:\/\/radiosolaris.com.br\/beta\/?p=83463"},"modified":"2022-07-12T08:07:42","modified_gmt":"2022-07-12T11:07:42","slug":"adolescente-que-estava-desaparecida-em-caxias-e-encontrada-na-casa-do-namorado","status":"publish","type":"post","link":"https:\/\/radiosolaris.com.br\/beta\/adolescente-que-estava-desaparecida-em-caxias-e-encontrada-na-casa-do-namorado\/","title":{"rendered":"Adolescente que estava desaparecida em Caxias \u00e9 encontrada na casa do namorado"},"content":{"rendered":"\n<h4 id=\"sem-manter-contato-com-a-familia-desde-o-dia-14-de-junho-a-brigada-militar-encontrou-ela-e-o-namorado-no-bairro-reolon\" class=\"wp-block-heading\">Sem manter contato com a fam\u00edlia desde o dia 14 de junho, a Brigada Militar encontrou ela e o namorado no bairro Reolon<\/h4>\n\n\n\n<p>Julia Karoliny Sarmento Oeiras, de 15 anos, que estava desaparecida h\u00e1 quase um m\u00eas, em Caxias do Sul, foi localizada pela Brigada Militar (BM) nesta segunda-feira (11). Conforme a BM, ap\u00f3s uma opera\u00e7\u00e3o de buscas realizada nesta noite, a jovem foi localizada na casa do namorado, na rua Antenor dos Santos, no bairro Reolon. <\/p>\n\n\n\n<p><a href=\"https:\/\/radiosolaris.com.br\/beta\/adolescente-esta-desaparecida-ha-tres-semanas-em-caxias-do-sul\/\">A adolescente estava desaparecida desde o dia 14 de junho<\/a>, quando saiu da casa da fam\u00edlia, no bairro Nossa Senhora das Gra\u00e7as, e n\u00e3o voltou mais. Na ocasi\u00e3o, a fam\u00edlia notou a falta da jovem no final do dia, quando ela deveria estar voltando da escola. <\/p>\n\n\n\n<p>Desde o dia do seu desaparecimento, a jovem n\u00e3o manteve mais contato com a fam\u00edlia, e manteve suas redes sociais bloqueadas e o celular desligado.<\/p>\n\n\n\n<figure class=\"wp-block-gallery has-nested-images columns-default is-cropped wp-block-gallery-1 is-layout-flex wp-block-gallery-is-layout-flex\">\n<figure class=\"wp-block-image size-large\"><img  loading=\"lazy\"  decoding=\"async\"  width=\"900\"  height=\"719\"  data-id=\"83464\"  src=\"data:image\/png;base64,iVBORw0KGgoAAAANSUhEUgAAA4QAAALPAQMAAAAAaJxjAAAAA1BMVEUAAP+KeNJXAAAAAXRSTlMAQObYZgAAAAlwSFlzAAAOxAAADsQBlSsOGwAAAGZJREFUeNrtwQENAAAAwqD3T20ON6AAAAAAAAAAAAAAAAAAAAAAAAAAAAAAAAAAAAAAAAAAAAAAAAAAAAAAAAAAAAAAAAAAAAAAAAAAAAAAAAAAAAAAAAAAAAAAAAAAAAAAAAAA+DNAPQAB4jaSFwAAAABJRU5ErkJggg==\"  alt=\"\"  class=\"wp-image-83464 pk-lazyload\"  data-pk-sizes=\"auto\"  data-ls-sizes=\"auto, (max-width: 900px) 100vw, 900px\"  data-pk-src=\"https:\/\/radiosolaris.com.br\/beta\/wp-content\/uploads\/2022\/07\/WhatsApp-Image-2022-07-05-at-08.57.03-1.jpeg\"  data-pk-srcset=\"https:\/\/radiosolaris.com.br\/beta\/wp-content\/uploads\/2022\/07\/WhatsApp-Image-2022-07-05-at-08.57.03-1.jpeg 900w, https:\/\/radiosolaris.com.br\/beta\/wp-content\/uploads\/2022\/07\/WhatsApp-Image-2022-07-05-at-08.57.03-1-800x639.jpeg 800w\" ><\/figure>\n<figcaption class=\"blocks-gallery-caption\"><span style=\"font-size: 16px\">Foto: Divulga\u00e7\u00e3o<\/span><\/figcaption><\/figure>\n\n\n\n<p><\/p>\n","protected":false},"excerpt":{"rendered":"<p>Sem manter contato com a fam\u00edlia desde o dia 14 de junho, a Brigada Militar encontrou ela e o namorado no bairro Reolon Julia Karoliny Sarmento Oeiras, de 15 anos,&hellip;<\/p>\n","protected":false},"author":17,"featured_media":83464,"comment_status":"closed","ping_status":"closed","sticky":false,"template":"","format":"standard","meta":{"_lmt_disableupdate":"","_lmt_disable":"","footnotes":""},"categories":[1,83],"tags":[12414,4442,148,12538,12539,283],"powerkit_post_featured":[],"class_list":{"0":"post-83463","1":"post","2":"type-post","3":"status-publish","4":"format-standard","5":"has-post-thumbnail","7":"category-geral","8":"category-serra-gaucha","9":"tag-bairro-nossa-senhora-das-gracas","10":"tag-bairro-reolon","11":"tag-caxias-do-sul","12":"tag-jovem-desaparecida","13":"tag-menina-desaparecida","14":"tag-serra-gaucha"},"modified_by":"Bruna Picinini","_links":{"self":[{"href":"https:\/\/radiosolaris.com.br\/beta\/wp-json\/wp\/v2\/posts\/83463","targetHints":{"allow":["GET"]}}],"collection":[{"href":"https:\/\/radiosolaris.com.br\/beta\/wp-json\/wp\/v2\/posts"}],"about":[{"href":"https:\/\/radiosolaris.com.br\/beta\/wp-json\/wp\/v2\/types\/post"}],"author":[{"embeddable":true,"href":"https:\/\/radiosolaris.com.br\/beta\/wp-json\/wp\/v2\/users\/17"}],"replies":[{"embeddable":true,"href":"https:\/\/radiosolaris.com.br\/beta\/wp-json\/wp\/v2\/comments?post=83463"}],"version-history":[{"count":0,"href":"https:\/\/radiosolaris.com.br\/beta\/wp-json\/wp\/v2\/posts\/83463\/revisions"}],"wp:featuredmedia":[{"embeddable":true,"href":"https:\/\/radiosolaris.com.br\/beta\/wp-json\/wp\/v2\/media\/83464"}],"wp:attachment":[{"href":"https:\/\/radiosolaris.com.br\/beta\/wp-json\/wp\/v2\/media?parent=83463"}],"wp:term":[{"taxonomy":"category","embeddable":true,"href":"https:\/\/radiosolaris.com.br\/beta\/wp-json\/wp\/v2\/categories?post=83463"},{"taxonomy":"post_tag","embeddable":true,"href":"https:\/\/radiosolaris.com.br\/beta\/wp-json\/wp\/v2\/tags?post=83463"},{"taxonomy":"powerkit_post_featured","embeddable":true,"href":"https:\/\/radiosolaris.com.br\/beta\/wp-json\/wp\/v2\/powerkit_post_featured?post=83463"}],"curies":[{"name":"wp","href":"https:\/\/api.w.org\/{rel}","templated":true}]}}