{"id":83366,"date":"2022-07-10T15:44:09","date_gmt":"2022-07-10T18:44:09","guid":{"rendered":"https:\/\/radiosolaris.com.br\/beta\/?p=83366"},"modified":"2022-07-10T15:44:11","modified_gmt":"2022-07-10T18:44:11","slug":"jovem-e-morto-dentro-de-sua-propria-casa-em-garibaldi","status":"publish","type":"post","link":"https:\/\/radiosolaris.com.br\/beta\/jovem-e-morto-dentro-de-sua-propria-casa-em-garibaldi\/","title":{"rendered":"Jovem \u00e9 morto dentro de sua pr\u00f3pria casa, em Garibaldi"},"content":{"rendered":"\n<h4 id=\"o-homicidio-foi-registrado-na-madrugada-deste-domingo-10-no-bairro-tres-lagoas\" class=\"wp-block-heading\">O homic\u00eddio foi registrado na madrugada deste domingo (10), no bairro Tr\u00eas Lagoas<\/h4>\n\n\n\n<p>Um homem de 22 anos, que ainda n\u00e3o teve a identidade divulgada, foi morto ap\u00f3s ser atingido por quatro tiros dentro de sua resid\u00eancia, em Garibaldi. O homic\u00eddio foi registrado na madrugada deste domingo (10), por volta das 0h30min, na rua Tramontina, bairro Tr\u00eas Lagoas, nas proximidades da Rota do Sol.<\/p>\n\n\n\n<p>Segundo o Corpo de Bombeiros, populares informaram que a v\u00edtima abriu a porta de sua casa e os autores efetuaram os disparos contra ele. Conforme a Brigada Militar (BM), o homem tinha antecedentes criminais. A Pol\u00edcia Civil deve investigar as circunst\u00e2ncias do crime.<\/p>\n","protected":false},"excerpt":{"rendered":"<p>O homic\u00eddio foi registrado na madrugada deste domingo (10), no bairro Tr\u00eas Lagoas Um homem de 22 anos, que ainda n\u00e3o teve a identidade divulgada, foi morto ap\u00f3s ser atingido&hellip;<\/p>\n","protected":false},"author":13,"featured_media":37207,"comment_status":"closed","ping_status":"closed","sticky":false,"template":"","format":"standard","meta":{"_lmt_disableupdate":"","_lmt_disable":"","footnotes":""},"categories":[83],"tags":[12496,158,12497,456,1865,12495,12498,1227,992,283],"powerkit_post_featured":[],"class_list":{"0":"post-83366","1":"post","2":"type-post","3":"status-publish","4":"format-standard","5":"has-post-thumbnail","7":"category-serra-gaucha","8":"tag-bairro-tres-lagoas","9":"tag-crime","10":"tag-crime-em-garibaldi","11":"tag-garibaldi","12":"tag-homicidio-2","13":"tag-homicidio-em-garibaldi","14":"tag-homicidio-no-bairro-tres-lagoas","15":"tag-rota-do-sol","16":"tag-serra","17":"tag-serra-gaucha"},"modified_by":"Filipe Brogliatto","_links":{"self":[{"href":"https:\/\/radiosolaris.com.br\/beta\/wp-json\/wp\/v2\/posts\/83366","targetHints":{"allow":["GET"]}}],"collection":[{"href":"https:\/\/radiosolaris.com.br\/beta\/wp-json\/wp\/v2\/posts"}],"about":[{"href":"https:\/\/radiosolaris.com.br\/beta\/wp-json\/wp\/v2\/types\/post"}],"author":[{"embeddable":true,"href":"https:\/\/radiosolaris.com.br\/beta\/wp-json\/wp\/v2\/users\/13"}],"replies":[{"embeddable":true,"href":"https:\/\/radiosolaris.com.br\/beta\/wp-json\/wp\/v2\/comments?post=83366"}],"version-history":[{"count":0,"href":"https:\/\/radiosolaris.com.br\/beta\/wp-json\/wp\/v2\/posts\/83366\/revisions"}],"wp:featuredmedia":[{"embeddable":true,"href":"https:\/\/radiosolaris.com.br\/beta\/wp-json\/wp\/v2\/media\/37207"}],"wp:attachment":[{"href":"https:\/\/radiosolaris.com.br\/beta\/wp-json\/wp\/v2\/media?parent=83366"}],"wp:term":[{"taxonomy":"category","embeddable":true,"href":"https:\/\/radiosolaris.com.br\/beta\/wp-json\/wp\/v2\/categories?post=83366"},{"taxonomy":"post_tag","embeddable":true,"href":"https:\/\/radiosolaris.com.br\/beta\/wp-json\/wp\/v2\/tags?post=83366"},{"taxonomy":"powerkit_post_featured","embeddable":true,"href":"https:\/\/radiosolaris.com.br\/beta\/wp-json\/wp\/v2\/powerkit_post_featured?post=83366"}],"curies":[{"name":"wp","href":"https:\/\/api.w.org\/{rel}","templated":true}]}}